{"id":26651,"date":"2021-04-29T12:48:37","date_gmt":"2021-04-29T10:48:37","guid":{"rendered":"http:\/\/centralmedia.rs\/?p=26651"},"modified":"2022-01-04T18:38:00","modified_gmt":"2022-01-04T17:38:00","slug":"pocasni-konzul-srbije-u-italiji-demantovao-optuzbe-sande-raskovic-ivic-o-podvodenju","status":"publish","type":"post","link":"https:\/\/centralmedia.rs\/index.php\/2021\/04\/29\/pocasni-konzul-srbije-u-italiji-demantovao-optuzbe-sande-raskovic-ivic-o-podvodenju\/","title":{"rendered":"PO\u010cASNI KONZUL SRBIJE U ITALIJI DEMANTOVAO OPTU\u017dBE SANDE RA\u0160KOVI\u0106 IVI\u0106 O PODVO\u0110ENJU!"},"content":{"rendered":"<p>Profesor Roberto Veraldi, po\u010dasni konzul Srbije u Italiji, poslao je pismo na\u0161em ambasadoru u ovoj zemlji Goranu Aleksi\u0107u povodom izjava Sande Ra\u0161kovi\u0107 Ivi\u0107 u kojoj ga je citirala povodom optu\u017ebi protiv Dragana Markovi\u0107a Palme i navodnog podvo\u0111enja devojaka na \u017eurkama u Jagodini<\/p>\n<p>Dragi ambasasore Gorane,<\/p>\n<p>Nekim slu\u010dajem dobio sam vesti o nekim izjavama. S tim u vezi moram Vam re\u0107i da nakon 11 godina iskreno vi\u0161e se i ne se\u0107am. Ono \u0161to je sigurno, bio je moj neformalni intervju jer uglavnom sve \u0161aljem putem e-maila. O ne\u017eeljenim nesporazumima: svi znaju da obi\u010dno govorim u pisanoj formi. U svakom slu\u010daju imam vrlo nejasno i vrlo izbledelo se\u0107anje na to putovanje koje je zapo\u010delo ako se se\u0107am dobro sa potesko\u0107om u razumevanju ko je sa kim po sobama ( ina\u010de bio sam sam u sobi).<\/p>\n<p>Moju veliku zbunjenost koju je stvarala glasna muzika, moje nepoznavanje jezika zbog \u010dega sam \u010desto bio \u0107utljiv i gledao i divio se (podse\u0107am Vas da sam fasciniran drugim kulturama), velikoj \u017eelji za \u017eivotom koji ima Va\u0161a zemlja. Da li je bilo \u0161ale? Kako da ne ili malo vi\u0161e sigurno je bilo, pogotovo sa moje strane jer alkohol ne podnosim dobro. Sigurno sam rimovano odgovarao na \u0161ale domacina (osobi mnogo jakoj u svojim idejama) i doma\u0107ina. Drugog se i ne se\u0107am iskreno a i ne ulazim u privatne \u017eivote. Ako sam negde i pogre\u0161io u \u017eivotu izdahnem samo i osvrnem se li\u010dnim i porodi\u010dnim dogadjajima, i ova pandemija naterala me je da sagledam mnoge pozicije. Sada tra\u017eim zaborav svog imena i sebe.<\/p>\n<p>Zbog po\u0161tovanja koje imam prema Va\u0161oj zemlji i Va\u0161im institucijama i prema Vama koji predstavljate njihovu sintezu u Italiji, ovom prilikom se nadam da mo\u017eemo da zatvorimo ovo pitanje. Povukao sam se da ka\u017eem izmedju ozbiljnog i \u0161aljivog u &#8220;privatni \u017eivot&#8221; i posve\u0107ujem se samo porodici, u\u010denju i studentima.<\/p>\n<p>Dragi pozdrav<\/p>\n<p>Roberto Veraldi<\/p>\n","protected":false},"excerpt":{"rendered":"<p>Profesor Roberto Veraldi, po\u010dasni konzul Srbije u Italiji, poslao je pismo na\u0161em ambasadoru u ovoj zemlji Goranu Aleksi\u0107u povodom izjava Sande Ra\u0161kovi\u0107 Ivi\u0107 u kojoj &hellip; <\/p>\n","protected":false},"author":2,"featured_media":26652,"comment_status":"open","ping_status":"open","sticky":false,"template":"","format":"standard","meta":{"footnotes":""},"categories":[1524,2,5643,1514,13,887,12],"tags":[1090,5105,5104,1112],"_links":{"self":[{"href":"https:\/\/centralmedia.rs\/index.php\/wp-json\/wp\/v2\/posts\/26651"}],"collection":[{"href":"https:\/\/centralmedia.rs\/index.php\/wp-json\/wp\/v2\/posts"}],"about":[{"href":"https:\/\/centralmedia.rs\/index.php\/wp-json\/wp\/v2\/types\/post"}],"author":[{"embeddable":true,"href":"https:\/\/centralmedia.rs\/index.php\/wp-json\/wp\/v2\/users\/2"}],"replies":[{"embeddable":true,"href":"https:\/\/centralmedia.rs\/index.php\/wp-json\/wp\/v2\/comments?post=26651"}],"version-history":[{"count":1,"href":"https:\/\/centralmedia.rs\/index.php\/wp-json\/wp\/v2\/posts\/26651\/revisions"}],"predecessor-version":[{"id":26653,"href":"https:\/\/centralmedia.rs\/index.php\/wp-json\/wp\/v2\/posts\/26651\/revisions\/26653"}],"wp:featuredmedia":[{"embeddable":true,"href":"https:\/\/centralmedia.rs\/index.php\/wp-json\/wp\/v2\/media\/26652"}],"wp:attachment":[{"href":"https:\/\/centralmedia.rs\/index.php\/wp-json\/wp\/v2\/media?parent=26651"}],"wp:term":[{"taxonomy":"category","embeddable":true,"href":"https:\/\/centralmedia.rs\/index.php\/wp-json\/wp\/v2\/categories?post=26651"},{"taxonomy":"post_tag","embeddable":true,"href":"https:\/\/centralmedia.rs\/index.php\/wp-json\/wp\/v2\/tags?post=26651"}],"curies":[{"name":"wp","href":"https:\/\/api.w.org\/{rel}","templated":true}]}}