{"id":26654,"date":"2021-04-29T12:51:42","date_gmt":"2021-04-29T10:51:42","guid":{"rendered":"http:\/\/centralmedia.rs\/?p=26654"},"modified":"2022-01-04T18:37:52","modified_gmt":"2022-01-04T17:37:52","slug":"palmasram-vas-bilo-lazovi-i-prevaranti-dilase-tepic-i-raskovic-ivic","status":"publish","type":"post","link":"https:\/\/centralmedia.rs\/index.php\/2021\/04\/29\/palmasram-vas-bilo-lazovi-i-prevaranti-dilase-tepic-i-raskovic-ivic\/","title":{"rendered":"PALMA:SRAM VAS BILO LA\u017dOVI I PREVARANTI \u0110ILASE, TEPI\u0106 I RA\u0160KOVI\u0106 IVI\u0106!"},"content":{"rendered":"<p>Predsednik Jednistvene Srbije Dragan Markovi\u0107 Palma obratio se javnosti saop\u0161tenjem nakon \u0161to je po\u010dasni konzul Srbije u Italiji, profesor Roberto Veraldi demantovao tvrdnje Sande Ra\u0161kovi\u0107 Ivi\u0107 da je u\u010destvovao na bunga bunga \u017eurkama u Jagodini<\/p>\n<p>&#8211; Sve \u0161to su do sada rekli Dragan \u0110ilas najbogatiji politi\u010dar na svetu okru\u017een kriminalcima, lopovima, la\u017eovima i prevarantima i njegova radnica Marinika Tepi\u0107, a u vezi sa slu\u010dajem koji su pokrenuli je \u010dista la\u017e. Njihovim la\u017eima pridru\u017eila se i Sanda Ra\u0161kovi\u0107 Ivi\u0107, koja je slagala, a sigurno je to radila za neku korist ili neki interes, kada je rekla kako joj je Italijan, po\u010dasni konzul Srbije u Italiji profesor Roberto Veraldi rekao kako je dolazio u Jagodinu i da su mu u Jagodini name\u0161tane neke \u017eene i da ga je jedna \u010dekala gola u sobi, To je \u010dista la\u017e gospo\u0111o Ra\u0161kovi\u0107 i profesor Veraldi je to demantovao, preko svog prevodioca Aleksandra Basari\u0107a, koji je demanti poslao Biserki Jakovljevi\u0107, koja je bila njihov tada\u0161nji doma\u0107in u Jagodini, ina\u010de direktorka Centra za socijalni rad u Jagodini i demanti je poslat na vi\u0161e adresa. Sram vas bilo la\u017eovi i prevaranti\u201d, izjavio je danas predsednik Jedinstvene Srbije, narodni poslanik i predsednik Skup\u0161tine grada Jagodine Dragan Markovi\u0107 Palma.<\/p>\n<p><img loading=\"lazy\" decoding=\"async\" class=\"alignnone wp-image-26656 size-large\" src=\"http:\/\/centralmedia.rs\/wp-content\/uploads\/2021\/04\/DRAGAN-MARKOVIC-PALMA-683x1024.jpg\" alt=\"\" width=\"640\" height=\"960\" srcset=\"https:\/\/centralmedia.rs\/wp-content\/uploads\/2021\/04\/DRAGAN-MARKOVIC-PALMA-683x1024.jpg 683w, https:\/\/centralmedia.rs\/wp-content\/uploads\/2021\/04\/DRAGAN-MARKOVIC-PALMA-200x300.jpg 200w, https:\/\/centralmedia.rs\/wp-content\/uploads\/2021\/04\/DRAGAN-MARKOVIC-PALMA-768x1152.jpg 768w, https:\/\/centralmedia.rs\/wp-content\/uploads\/2021\/04\/DRAGAN-MARKOVIC-PALMA-280x420.jpg 280w, https:\/\/centralmedia.rs\/wp-content\/uploads\/2021\/04\/DRAGAN-MARKOVIC-PALMA-640x960.jpg 640w, https:\/\/centralmedia.rs\/wp-content\/uploads\/2021\/04\/DRAGAN-MARKOVIC-PALMA-681x1021.jpg 681w, https:\/\/centralmedia.rs\/wp-content\/uploads\/2021\/04\/DRAGAN-MARKOVIC-PALMA.jpg 1067w\" sizes=\"(max-width: 640px) 100vw, 640px\" \/><\/p>\n<p>\u0110ILASU POLITIKA I OPOZICIJA SLU\u017dE DA GA \u0160TITE OD ZAKONA, DA NE BI IZ BRISELA REKLI KAKO SE HAPSE OPOZICIONARI. SVAKO KO SE OGRE\u0160IO O ZAKON MORA BITI PROCESUIRAN BEZ OBZIRA KOJOJ STRANCI ILI ORGANIZACIJI PRIPADA<\/p>\n<p>\u0110ilase razlika izme\u0111u tebe i mene je ta, \u0161to si ti tukao \u017eenu i tasta u prisustvu dece, a tvoja \u017eena Iva \u0110ilas je podnela prijavu koja jo\u0161 nije procesuirana protiv tebe. Da vidimo ko je dr\u017eao tu prijavu i za\u0161to nije procesuirana, a to je bilo odmah za zatvor. A ja kada sam \u010duo, da tvoja radnica, najpla\u0107enija radnica, koja ne zastupa politi\u010dku ideologiju i borbu za \u017eene, jer da je tako ona bi branila Ivu \u0110ilas, a napadala njenog siled\u017eiju, kako la\u017ee o meni, sam sam oti\u0161ao u tu\u017eila\u0161tvo, iako nije postojala i danas ne postoji prijava protiv mene. I rekao sam u tu\u017eila\u0161tvu da ho\u0107u da se saslu\u0161aju svi navodni svedoci, koje oni pominju povodom ovog slu\u010daja.<\/p>\n<p>Ta gospo\u0111a la\u017eov, Marinika Tepi\u0107, rekla je kako ja reketiram donatore, nikada nikoga nisam reketirao i uvek kada je neko ne\u0161to hteo da pomogne, nisam hteo da imam li\u010dnu korist, ve\u0107 je taj ko \u017eeli da pomogne dobio ugovor i uplatio sredstva na ra\u010dun grada. I od toga je 47 000 gra\u0111ana, ne samo Jagodine, putovalo u neku zemlju, od studenata do penzionera, privrednika, lekara, medicinskih sestara, vaspita\u010da, poljoprivrednika, vlasnika samostalnih zanatskih radnji, sportista, kulturnih radnika. A gde su tebi \u0110ilase la\u017eove, koji si okru\u017een kriminalcima, la\u017eovima i prevarantima, donatori u gradu Beogradu, gde si trebao da prika\u017ee\u0161 50 puta ve\u0107e donacije, nego \u0161to je to dobila Jagodina. Sada \u0107ete i za to da me napadate. Adresa za napad za siled\u017eijstvo, za profiterstvo nisam ja nego Dragana \u0110ilas.<\/p>\n<p>Gde su vama donacije ? U va\u0161em d\u017eepu la\u017eove i prevarantu, okru\u017een kriminalcima, Dragane \u0110ilase. Ti treba da ide\u0161 u zatvor. Za\u0161to ne reaguje tu\u017eila\u0161tvo, kada cela Srbija pri\u010da o 619 miliona evra da si zaradio na sumnjiv na\u010din ? Za\u0161to ti nisi procesuiran \u0110ilase? \u0110ilase la\u017eove tebi je mesto u zatvoru, a ne na slobodi. Ti \u0110ilase o\u010dekuje\u0161 da te ne hapse, zato \u0161to bi Evropska unija mogla da ka\u017ee \u201chapsi se opozicija\u201d. Ne hapsi se opozicija gospodo iz Brsiela, nego, lopovi i kriminalci, ma kojoj stranci ili organizaciji da pripadaju. To je razlog \u0161to je \u0110ilas politi\u010dki aktivan i \u0161to ima svoju stranku. Da svoj lopovluk krije iza opozicije i da ga Evropa gleda kao opoziconara. On je gospodo u Evropi, la\u017eov, prevarant i siled\u017eija, a ne opozicionar. Svako ko se ogre\u0161io o zakon mora da bude procesuiran. Ja sam rekao \u201cili Marinika u zatvor ili ja\u201d. Ne\u0107u se smiriti dokle se to ne desi. Oni su do\u0161li u Jagodinu i mislili su da \u0107u ja tu da pravim neku organizaciju da ih neko sa\u010deka. Ma ne\u0107e nikada niko da vas sa\u010deka. Sve pri\u010dajte, sve \u0161ta imate recite. A kada su bili u Jagodini la\u017eovi i prevaranti okru\u017eeni kriminalcima, Dragan \u0110ilas i Marinika Tepi\u0107, izjavu je dao predstavnik organizacije \u201c\u017dene u crnom\u201d. Srbija zna ko su \u201c\u017dene u crnom\u201d i da rade protiv Srbije. Izjavu treba da da tu\u017eilac, a ne predstavnci politi\u010dkih partija i antisrpskih nevladinih organizacija &#8211; poru\u010dio je Markovi\u0107 u saop\u0161tenju.<\/p>\n","protected":false},"excerpt":{"rendered":"<p>Predsednik Jednistvene Srbije Dragan Markovi\u0107 Palma obratio se javnosti saop\u0161tenjem nakon \u0161to je po\u010dasni konzul Srbije u Italiji, profesor Roberto Veraldi demantovao tvrdnje Sande Ra\u0161kovi\u0107 &hellip; <\/p>\n","protected":false},"author":2,"featured_media":26655,"comment_status":"open","ping_status":"open","sticky":false,"template":"","format":"standard","meta":{"footnotes":""},"categories":[1524,2,5643,1514,13,887,12],"tags":[5076,120,5106,5077],"_links":{"self":[{"href":"https:\/\/centralmedia.rs\/index.php\/wp-json\/wp\/v2\/posts\/26654"}],"collection":[{"href":"https:\/\/centralmedia.rs\/index.php\/wp-json\/wp\/v2\/posts"}],"about":[{"href":"https:\/\/centralmedia.rs\/index.php\/wp-json\/wp\/v2\/types\/post"}],"author":[{"embeddable":true,"href":"https:\/\/centralmedia.rs\/index.php\/wp-json\/wp\/v2\/users\/2"}],"replies":[{"embeddable":true,"href":"https:\/\/centralmedia.rs\/index.php\/wp-json\/wp\/v2\/comments?post=26654"}],"version-history":[{"count":1,"href":"https:\/\/centralmedia.rs\/index.php\/wp-json\/wp\/v2\/posts\/26654\/revisions"}],"predecessor-version":[{"id":26657,"href":"https:\/\/centralmedia.rs\/index.php\/wp-json\/wp\/v2\/posts\/26654\/revisions\/26657"}],"wp:featuredmedia":[{"embeddable":true,"href":"https:\/\/centralmedia.rs\/index.php\/wp-json\/wp\/v2\/media\/26655"}],"wp:attachment":[{"href":"https:\/\/centralmedia.rs\/index.php\/wp-json\/wp\/v2\/media?parent=26654"}],"wp:term":[{"taxonomy":"category","embeddable":true,"href":"https:\/\/centralmedia.rs\/index.php\/wp-json\/wp\/v2\/categories?post=26654"},{"taxonomy":"post_tag","embeddable":true,"href":"https:\/\/centralmedia.rs\/index.php\/wp-json\/wp\/v2\/tags?post=26654"}],"curies":[{"name":"wp","href":"https:\/\/api.w.org\/{rel}","templated":true}]}}