{"id":26665,"date":"2021-04-29T20:45:39","date_gmt":"2021-04-29T18:45:39","guid":{"rendered":"http:\/\/centralmedia.rs\/?p=26665"},"modified":"2021-05-06T20:19:04","modified_gmt":"2021-05-06T18:19:04","slug":"praznici-u-dino-parku","status":"publish","type":"post","link":"https:\/\/centralmedia.rs\/index.php\/2021\/04\/29\/praznici-u-dino-parku\/","title":{"rendered":"PRAZNICI U DINO PARKU"},"content":{"rendered":"<p>SVILAJNAC-\u00a0\u00a0 Prirodnja\u010dki centar Srbije u Svilajncu pripremio je posebnu ponudu za uskr\u0161nje i prvomajske praznike. Radno vreme od 30. aprila do 5. maja bi\u0107e produ\u017eeno &#8211; od 10 do 20 \u010dasova, a za sve posetioce bi\u0107e organizovani posebni sadr\u017eaji i aktivnosti. \u201ePraznici u Dino parku \u201c\u00a0 sadr\u017ea\u0107e posebne radionice sa temama prilago\u0111enim svim uzrastima, kvizove sa nagradama za najmla\u0111e i brojne druge sadr\u017eaje prilago\u0111ene trenutnoj epidemiolo\u0161koj situaciji:<\/p>\n<div id='gallery-1' class='gallery galleryid-26665 gallery-columns-3 gallery-size-full'><figure class='gallery-item'>\n\t\t\t<div class='gallery-icon landscape'>\n\t\t\t\t<a href='https:\/\/centralmedia.rs\/index.php\/2021\/04\/29\/praznici-u-dino-parku\/dm1-3\/'><img loading=\"lazy\" decoding=\"async\" width=\"1600\" height=\"1124\" src=\"https:\/\/centralmedia.rs\/wp-content\/uploads\/2021\/04\/DM1.jpg\" class=\"attachment-full size-full\" alt=\"\" srcset=\"https:\/\/centralmedia.rs\/wp-content\/uploads\/2021\/04\/DM1.jpg 1600w, https:\/\/centralmedia.rs\/wp-content\/uploads\/2021\/04\/DM1-300x211.jpg 300w, https:\/\/centralmedia.rs\/wp-content\/uploads\/2021\/04\/DM1-768x540.jpg 768w, https:\/\/centralmedia.rs\/wp-content\/uploads\/2021\/04\/DM1-1024x719.jpg 1024w, https:\/\/centralmedia.rs\/wp-content\/uploads\/2021\/04\/DM1-598x420.jpg 598w, https:\/\/centralmedia.rs\/wp-content\/uploads\/2021\/04\/DM1-640x450.jpg 640w, https:\/\/centralmedia.rs\/wp-content\/uploads\/2021\/04\/DM1-681x478.jpg 681w\" sizes=\"(max-width: 1600px) 100vw, 1600px\" \/><\/a>\n\t\t\t<\/div><\/figure><figure class='gallery-item'>\n\t\t\t<div class='gallery-icon landscape'>\n\t\t\t\t<a href='https:\/\/centralmedia.rs\/index.php\/2021\/04\/29\/praznici-u-dino-parku\/dm2-2\/'><img loading=\"lazy\" decoding=\"async\" width=\"1600\" height=\"1233\" src=\"https:\/\/centralmedia.rs\/wp-content\/uploads\/2021\/04\/DM2.jpg\" class=\"attachment-full size-full\" alt=\"\" srcset=\"https:\/\/centralmedia.rs\/wp-content\/uploads\/2021\/04\/DM2.jpg 1600w, https:\/\/centralmedia.rs\/wp-content\/uploads\/2021\/04\/DM2-300x231.jpg 300w, https:\/\/centralmedia.rs\/wp-content\/uploads\/2021\/04\/DM2-768x592.jpg 768w, https:\/\/centralmedia.rs\/wp-content\/uploads\/2021\/04\/DM2-1024x789.jpg 1024w, https:\/\/centralmedia.rs\/wp-content\/uploads\/2021\/04\/DM2-545x420.jpg 545w, https:\/\/centralmedia.rs\/wp-content\/uploads\/2021\/04\/DM2-640x493.jpg 640w, https:\/\/centralmedia.rs\/wp-content\/uploads\/2021\/04\/DM2-681x525.jpg 681w\" sizes=\"(max-width: 1600px) 100vw, 1600px\" \/><\/a>\n\t\t\t<\/div><\/figure><figure class='gallery-item'>\n\t\t\t<div class='gallery-icon landscape'>\n\t\t\t\t<a href='https:\/\/centralmedia.rs\/index.php\/2021\/04\/29\/praznici-u-dino-parku\/dm3\/'><img loading=\"lazy\" decoding=\"async\" width=\"1600\" height=\"1233\" src=\"https:\/\/centralmedia.rs\/wp-content\/uploads\/2021\/04\/DM3.jpg\" class=\"attachment-full size-full\" alt=\"\" srcset=\"https:\/\/centralmedia.rs\/wp-content\/uploads\/2021\/04\/DM3.jpg 1600w, https:\/\/centralmedia.rs\/wp-content\/uploads\/2021\/04\/DM3-300x231.jpg 300w, https:\/\/centralmedia.rs\/wp-content\/uploads\/2021\/04\/DM3-768x592.jpg 768w, https:\/\/centralmedia.rs\/wp-content\/uploads\/2021\/04\/DM3-1024x789.jpg 1024w, https:\/\/centralmedia.rs\/wp-content\/uploads\/2021\/04\/DM3-545x420.jpg 545w, https:\/\/centralmedia.rs\/wp-content\/uploads\/2021\/04\/DM3-640x493.jpg 640w, https:\/\/centralmedia.rs\/wp-content\/uploads\/2021\/04\/DM3-681x525.jpg 681w\" sizes=\"(max-width: 1600px) 100vw, 1600px\" \/><\/a>\n\t\t\t<\/div><\/figure>\n\t\t<\/div>\n\n<p>\u201eNudimo u\u017eivanje u jedinstvenom ambijentu sa pogledom na jazero, vulkan, dinosauruse u prirodnoj veli\u010dini i autenti\u010dnu vegetaciju iz doba Jure. Osim toga, pripremili smo\u00a0 specijalnu ponudu restorana i suvenirnice, a za najmla\u0111e posetioce organizujemo niz nau\u010dno \u2013 obrazovnih radionica sa animatorom u na\u0161oj igraonici. Tako da garantujemo u\u017eivanje za celu porodicu i sve generacije\u201c \u2013 izjavio je Stefan Radevi\u0107, kustos Prirodnja\u010dkog centra.<\/p>\n<p>Prirodnja\u010dki centar Srbije bele\u017ei godi\u0161nje oko 100.000 posetilaca iz celog regiona, a jedno je od nezaobilaznih mesta za porodi\u010dne izlete i ekskurzije i lider nau\u010dno-obrazovnog turizma u regionu. Sa devet stalnih postavki, mno\u0161tvom gostuju\u0107ih izlo\u017ebi i ekskluzivnim novitetima svake sezone, privla\u010di i sve ve\u0107u pa\u017enju javnosti. Tako je za novu sezonu oboga\u0107ena izlo\u017eba \u201c\u017divotinje Afrike\u201d novim eksponatom, promenjen je ambijent restorana, ura\u0111ena nova igraonica za decu, a sve izlo\u017ebe su digitalizovane sistemom QR kodova, pomo\u0107u kojih posetioci mogu dobiti informacije o eksponatima i putem digitalnih platformi.<\/p>\n<p>Specifi\u010dni i moderni spoj nauke, obrazovanja, kulture i zabave \u010dini Prirodnja\u010dki centar jedinstvenom turisti\u010dkom atrakcijom u kojoj podjednako u\u017eivaju sve generacije:<\/p>\n<p>\u201eObele\u017ei\u0107emo i 10. maj, svetski Dan ptica i drve\u0107a, tako \u0161to \u0107emo u na\u0161em dino parku posaditi reliktne vrste flore koje nedostaju. Upravo te vrste drve\u0107a ( cikasi, palme i paprati ) u\u010dini\u0107e na\u0161 park autenti\u010dnijim. Tako\u0111e, tom prilikom postavi\u0107emo i ku\u0107ice za ptice koje su neretko stanovnici na\u0161eg parka iz doba Jure\u201c \u2013 rekao je Radevi\u0107.<\/p>\n","protected":false},"excerpt":{"rendered":"<p>SVILAJNAC-\u00a0\u00a0 Prirodnja\u010dki centar Srbije u Svilajncu pripremio je posebnu ponudu za uskr\u0161nje i prvomajske praznike. Radno vreme od 30. aprila do 5. maja bi\u0107e produ\u017eeno &hellip; <\/p>\n","protected":false},"author":2,"featured_media":26666,"comment_status":"open","ping_status":"open","sticky":false,"template":"","format":"standard","meta":{"footnotes":""},"categories":[1524,2,23,887,16,12,1517,3054],"tags":[5109,4331,38],"_links":{"self":[{"href":"https:\/\/centralmedia.rs\/index.php\/wp-json\/wp\/v2\/posts\/26665"}],"collection":[{"href":"https:\/\/centralmedia.rs\/index.php\/wp-json\/wp\/v2\/posts"}],"about":[{"href":"https:\/\/centralmedia.rs\/index.php\/wp-json\/wp\/v2\/types\/post"}],"author":[{"embeddable":true,"href":"https:\/\/centralmedia.rs\/index.php\/wp-json\/wp\/v2\/users\/2"}],"replies":[{"embeddable":true,"href":"https:\/\/centralmedia.rs\/index.php\/wp-json\/wp\/v2\/comments?post=26665"}],"version-history":[{"count":1,"href":"https:\/\/centralmedia.rs\/index.php\/wp-json\/wp\/v2\/posts\/26665\/revisions"}],"predecessor-version":[{"id":26669,"href":"https:\/\/centralmedia.rs\/index.php\/wp-json\/wp\/v2\/posts\/26665\/revisions\/26669"}],"wp:featuredmedia":[{"embeddable":true,"href":"https:\/\/centralmedia.rs\/index.php\/wp-json\/wp\/v2\/media\/26666"}],"wp:attachment":[{"href":"https:\/\/centralmedia.rs\/index.php\/wp-json\/wp\/v2\/media?parent=26665"}],"wp:term":[{"taxonomy":"category","embeddable":true,"href":"https:\/\/centralmedia.rs\/index.php\/wp-json\/wp\/v2\/categories?post=26665"},{"taxonomy":"post_tag","embeddable":true,"href":"https:\/\/centralmedia.rs\/index.php\/wp-json\/wp\/v2\/tags?post=26665"}],"curies":[{"name":"wp","href":"https:\/\/api.w.org\/{rel}","templated":true}]}}