{"id":26670,"date":"2021-04-29T20:51:03","date_gmt":"2021-04-29T18:51:03","guid":{"rendered":"http:\/\/centralmedia.rs\/?p=26670"},"modified":"2021-05-01T21:15:26","modified_gmt":"2021-05-01T19:15:26","slug":"od-subote-1-maja-ponovo-radi-buvljak-u-svilajncu","status":"publish","type":"post","link":"https:\/\/centralmedia.rs\/index.php\/2021\/04\/29\/od-subote-1-maja-ponovo-radi-buvljak-u-svilajncu\/","title":{"rendered":"OD SUBOTE 1. MAJA PONOVO RADI BUVLJAK U SVILAJNCU"},"content":{"rendered":"<p>SVILAJNAC-Na sednici \u0160taba za vanredne situacije op\u0161tine Svilajnac ukinuta je vanredna situacija na teritoriji op\u0161tine Svilajnac zbog pobolj\u0161anja epidemiolo\u0161ke situacije izazvane Covidom \u2013 19.<\/p>\n<p>Predsednik op\u0161tine Svilajnac i Komandant \u0160taba za vanredne situacije op\u0161tine Svilajnac Predrag Milanovi\u0107 rekao je da svakog dana imamo ve\u0107i broj izle\u010denih nego novoobolelih i da trenutno u Svilajncu imamo manje od 100 ljudi koji nose virus u sebi:<\/p>\n<p>\u201eOvi podaci su ohrabruju\u0107i, ali ono \u0161to nije dobro jeste da trenutno imamo 20 pacijenata na bolni\u010dkom le\u010denju i da se i dalje de\u0161avaju smrtni slu\u010dajevi izazvani Covidom \u2013 19. To nam ukazuje da je re\u0161enje ovog problema u vakcinaciji. Merama \u010duvamo zdravstveni sistem, ali virus ne mo\u017eemo pobediti bez kolektivnog imuniteta koji se posti\u017ee jedino vakcinisanjem\u201c \u2013 izjavio je Milanovi\u0107 i jo\u0161 jednom pozvao sve gra\u0111ane op\u0161tine Svilajnac, kao i na\u0161e ljude koji su za praznike do\u0161li iz inostranstva, da iskoriste mogu\u0107nost vakcinacije bez prethodnog prijavljivanja.<\/p>\n<p>Na sednici \u0160taba doneta je i Naredba o dozvoli nastavka rada buvlje pijace u Svilajncu:<\/p>\n<p>\u201eUkidanjem vanredne situacije ukidaju se i neke mere, pa tako mogu da najavim da \u0107e buvlja pijaca u Svilajncu po\u010deti da radi od subote 1. maja, \u0161to mislim da je zna\u010dajno za sve one koji tamo zara\u0111uju ili imaju potrebu da ne\u0161to kupe. Zakupci tezgi i kupci du\u017eni su da se pridr\u017eavaju uputstava i da primenjuju propisane mere za\u0161tite\u201c \u2013 izjavio je Milanovi\u0107 istakav\u0161i da je \u0160tab uradio maksimalno na popu\u0161tanju mera i normalizaciji stanja, ali da je za sigurnost i dugoro\u010dnu bezbednost va\u017eno da ljudi shvate svoju li\u010dnu odgovornost i vakcini\u0161u se.<\/p>\n<p>Na pomenutoj sednici \u0160taba donet je i dokument kojim se nala\u017ee PU \u201eDe\u010dja radost\u201c Svilajnac da izvr\u0161i povra\u0107aj neosnovano napla\u0107enih sredstava od 11. maja 2020. godine do danas, svim roditeljima koji su izvr\u0161ili uplatu za mesece kada deca nisu boravila u ustanovi, a samim tim nisu ni koristila usluge vrti\u0107a i prema re\u010dima Milanovi\u0107a ovaj novac \u0107e roditeljima biti vra\u0107en tokom maja. Tako\u0111e, Op\u0161tinski pravobranilac op\u0161tine Svilajnac preduze\u0107e sve zakonske mere i radnje iz svoje nadle\u017enosti prema odgovornom licu PU \u201eDe\u010dja radost\u201c Svilajnac v.d. direktora Daliborki Mojsovi\u0107, zbog nepo\u0161tovanja Naredbe \u0160taba za vanredne situacije op\u0161tine Svilajnac od 16. marta 2020. godine, u kojoj se jasno ka\u017ee da se naplata vr\u0161i samo za decu koja budu koristila usluge u ovoj ustanovi.<\/p>\n","protected":false},"excerpt":{"rendered":"<p>SVILAJNAC-Na sednici \u0160taba za vanredne situacije op\u0161tine Svilajnac ukinuta je vanredna situacija na teritoriji op\u0161tine Svilajnac zbog pobolj\u0161anja epidemiolo\u0161ke situacije izazvane Covidom \u2013 19. Predsednik &hellip; <\/p>\n","protected":false},"author":2,"featured_media":26671,"comment_status":"open","ping_status":"open","sticky":false,"template":"","format":"standard","meta":{"footnotes":""},"categories":[1524,2,887,16,12,1517],"tags":[770,38,4618,431],"_links":{"self":[{"href":"https:\/\/centralmedia.rs\/index.php\/wp-json\/wp\/v2\/posts\/26670"}],"collection":[{"href":"https:\/\/centralmedia.rs\/index.php\/wp-json\/wp\/v2\/posts"}],"about":[{"href":"https:\/\/centralmedia.rs\/index.php\/wp-json\/wp\/v2\/types\/post"}],"author":[{"embeddable":true,"href":"https:\/\/centralmedia.rs\/index.php\/wp-json\/wp\/v2\/users\/2"}],"replies":[{"embeddable":true,"href":"https:\/\/centralmedia.rs\/index.php\/wp-json\/wp\/v2\/comments?post=26670"}],"version-history":[{"count":1,"href":"https:\/\/centralmedia.rs\/index.php\/wp-json\/wp\/v2\/posts\/26670\/revisions"}],"predecessor-version":[{"id":26672,"href":"https:\/\/centralmedia.rs\/index.php\/wp-json\/wp\/v2\/posts\/26670\/revisions\/26672"}],"wp:featuredmedia":[{"embeddable":true,"href":"https:\/\/centralmedia.rs\/index.php\/wp-json\/wp\/v2\/media\/26671"}],"wp:attachment":[{"href":"https:\/\/centralmedia.rs\/index.php\/wp-json\/wp\/v2\/media?parent=26670"}],"wp:term":[{"taxonomy":"category","embeddable":true,"href":"https:\/\/centralmedia.rs\/index.php\/wp-json\/wp\/v2\/categories?post=26670"},{"taxonomy":"post_tag","embeddable":true,"href":"https:\/\/centralmedia.rs\/index.php\/wp-json\/wp\/v2\/tags?post=26670"}],"curies":[{"name":"wp","href":"https:\/\/api.w.org\/{rel}","templated":true}]}}