{"id":26689,"date":"2021-04-30T15:10:11","date_gmt":"2021-04-30T13:10:11","guid":{"rendered":"http:\/\/centralmedia.rs\/?p=26689"},"modified":"2022-01-04T18:37:17","modified_gmt":"2022-01-04T17:37:17","slug":"palma-svi-koji-su-navedeni-kao-akteri-tog-laznog-dela-vec-su-saslusani-ostalo-je-jos-troje-cetvoro-da-se-saslusa-nakon-praznika","status":"publish","type":"post","link":"https:\/\/centralmedia.rs\/index.php\/2021\/04\/30\/palma-svi-koji-su-navedeni-kao-akteri-tog-laznog-dela-vec-su-saslusani-ostalo-je-jos-troje-cetvoro-da-se-saslusa-nakon-praznika\/","title":{"rendered":"PALMA : SVI KOJI SU NAVEDENI KAO AKTERI TOG LA\u017dNOG DELA VE\u0106 SU SASLU\u0160ANI, OSTALO JE JO\u0160 TROJE, \u010cETVORO DA SE SASLU\u0160A NAKON PRAZNIKA"},"content":{"rendered":"<p>\u201eOd samog po\u010detka su lagali i do sada su sve slagali u la\u017enom slu\u010daju koji je \u0110ilasova radnica Marinika Tepi\u0107 pokrenula protiv mene. Dragan \u0110ilas koristi \u017eene zbog emocija gra\u0111ana Srbije i on se krije iza sukanja \u017eena, a ne ja. Isturio je svoju radnicu Mariniku Tepi\u0107, a kasnije i Sandu Ra\u0161kovi\u0107 Ivi\u0107\u201c, rekao je predsednik Jedinstvene Srbije, narodni poslanik i predsednik Skup\u0161tine grada Jagodine Dragan Markovi\u0107 Palma, gostuju\u0107i na Hepi televiziji. \u201e\u0110ilas je okru\u017een kriminalcima, la\u017eovima i prevarantima i koristi \u017eene. Sve ovo je njegovo maslo. Evropski parlament nam zamera \u0161to napadamo opoziciju. Kakva opozicija ? To je interesna organizacija i najbogatije preduze\u0107e je ta \u0110ilasova politi\u010dka partija. Marinika Tepi\u0107 nije politi\u010dar, ona je radnik zaposlen kod Dragan \u0110ilasa. I sada, po\u0161to im je ceo slu\u010daj na staklenim nogama, jer slu\u010daja nema, sada me napadaju za donacije i putovanja. Svi koji su navedeni kao akteri tog la\u017enog dela ve\u0107 su saslu\u0161ani, jo\u0161 je ostalo troje, \u010detvoro da se saslu\u0161aju nakon praznika. Ti ljudi su bili o\u010devici, bili su prisutni na svim putovanjima, i sve\u010danim i zvani\u010dnim ru\u010dkovima i ve\u010derama\u201c, rekao je Markovi\u0107.<\/p>\n<p>RA\u0160KOVI\u0106 IVI\u0106 SRAM TE BILO, SRAMULJO JEDNA, LA\u017dE\u0160, IZA\u0110I NA TV DUEL DA SE POGLEDAMO U O\u010cI<\/p>\n<p>Nakon \u0161to je u programu Hepi televizije emitovana izjava Sande Ra\u0161kovi\u0107 Ivi\u0107 iz Utiska nedelje sa Nove S TV, u kojoj optu\u017euje Markovi\u0107a da su na ve\u010deri sa privrednicima iz Italije plesale plesa\u010dice bez ga\u0107a i da su neke devojke podvo\u0111ene, Dragan Markovi\u0107 Palma je rekao : \u201eTa gospo\u0111a Ra\u0161kovi\u0107 Ivi\u0107 ka\u017ee da su igrale neke plesa\u010dice, da mi oprosti narod na dana\u0161nji Veliki Petak i da je u sobi profesora Roberta Veraldija, jednog od gostiju, bila neka gola devojka. Sram te bilo Ra\u0161kovi\u0107 Ivi\u0107, sramuljo jedna, \u0161to bi rekao na\u0161 narod, za\u0161to la\u017ee\u0161. Prvo treba da po\u0161tuje Hipokratovu zakletvu, a drugo ona je psihijatar i ako je tako davala savete svojim pacijentima te\u0161ko njima. Gospo\u0111o Ra\u0161kovi\u0107 Ivi\u0107, la\u017eete\u201c, rekao je Markovi\u0107 i pokazao demanti na italijanskom i na srpskom jeziku koji je poslao profesor Roberto Veraldi, po\u010dasni konzul Srbije u Italiji, koji u pismu Dragana Markovi\u0107a Palmu naziva doma\u0107inom i demantuje navode Ra\u0161kovi\u0107 Ivi\u0107 i koji je nakon te ve\u010dere, drugi dan poklonio pu\u0161ku Zavi\u010dajnom muzeju u Jagodini, koja je ostav\u0161tina njegove, ina\u010de baronske porodice i zahvalio se Draganu Markovi\u0107u i gradu Jagodini na odli\u010dnom prijemu. \u201eNe mogu vi\u0161e ovakvi la\u017eovi i prevaranti da predstavljaju na\u0161u zemlju u inostranstvu. Dok je ta gospo\u0111a bila ambasador Srbije u Rimu na\u0161i odnosi sa Italijom nisu bili nikada gori, a danas su najbolji u istoriji i sa Italijom, Nema\u010dkom, Francuskom i drugim dr\u017eavama\u201c, rekao je Markovi\u0107 i pozvao Ra\u0161kovi\u0107 Ivi\u0107 na tv duel i da, kako je rekao, da se pogledaju u o\u010di.<\/p>\n<p>\u0110ILASE ISTINA NE MO\u017dE DA SE KUPI<\/p>\n<p>\u201eDragan \u0110ilas, okru\u017een kriminalcima i profiterima misli da sve mo\u017ee da se kupi u \u017eivotu. Istina ne mo\u017ee da se kupi \u0110ilase. On ka\u017ee da je demantovao pre godinu ili dve to \u0161to je njegova biv\u0161a supruga Iva napisala u policiji. To \u0110ilas ne mo\u017ee da se demantuje, ti si se nagodio i ja razumem njegovu biv\u0161u suprugu zbog dece. Ali po slu\u017ebenoj du\u017enosti morali su da reaguju policija, tu\u017eila\u0161tvo i sud. Ovu optu\u017ebu protiv mene \u0110ilase ne mo\u017ee\u0161 da kupi\u0161, ne mo\u017ee\u0161 da zata\u0161ka\u0161. Sada me napadaju i da sam vlasnik hotela u Kon\u010darevu, zbog \u010dega je vlasnik hotela morao da odnese posedovni list, pa policija tra\u017ei koliko je para sa ra\u010duna grada leglo na ra\u010dun tog hotela. Sve je la\u017e. Papiri se ne mogu sakriti. Sram te bilo \u0110ilase i dokle \u0107e\u0161 da la\u017ee\u0161. Pa ka\u017eu za\u0161to se slu\u010daj izmestio u Kraljevo, \u0161to nije u Beograd. Neka se izmesti gde god vi ka\u017eete, mo\u017ee i na Mauricijus i neka do\u0111u i me\u0111unarodni posmatra\u010di. Bilo gde, jer slu\u010daja nema. Ima samo la\u017enog prijavljivanja. To je slu\u010daj. Sram te bilo \u0110ilase. Ja nemam od \u010dega da se brani, iznosim samo \u010dinjenice\u201c, kazao je Markovi\u0107<\/p>\n<p>&nbsp;<\/p>\n","protected":false},"excerpt":{"rendered":"<p>\u201eOd samog po\u010detka su lagali i do sada su sve slagali u la\u017enom slu\u010daju koji je \u0110ilasova radnica Marinika Tepi\u0107 pokrenula protiv mene. Dragan \u0110ilas &hellip; <\/p>\n","protected":false},"author":2,"featured_media":26171,"comment_status":"open","ping_status":"open","sticky":false,"template":"","format":"standard","meta":{"footnotes":""},"categories":[1524,2,1514,5643,13,887,12],"tags":[5111,3963,5083,120],"_links":{"self":[{"href":"https:\/\/centralmedia.rs\/index.php\/wp-json\/wp\/v2\/posts\/26689"}],"collection":[{"href":"https:\/\/centralmedia.rs\/index.php\/wp-json\/wp\/v2\/posts"}],"about":[{"href":"https:\/\/centralmedia.rs\/index.php\/wp-json\/wp\/v2\/types\/post"}],"author":[{"embeddable":true,"href":"https:\/\/centralmedia.rs\/index.php\/wp-json\/wp\/v2\/users\/2"}],"replies":[{"embeddable":true,"href":"https:\/\/centralmedia.rs\/index.php\/wp-json\/wp\/v2\/comments?post=26689"}],"version-history":[{"count":1,"href":"https:\/\/centralmedia.rs\/index.php\/wp-json\/wp\/v2\/posts\/26689\/revisions"}],"predecessor-version":[{"id":26690,"href":"https:\/\/centralmedia.rs\/index.php\/wp-json\/wp\/v2\/posts\/26689\/revisions\/26690"}],"wp:featuredmedia":[{"embeddable":true,"href":"https:\/\/centralmedia.rs\/index.php\/wp-json\/wp\/v2\/media\/26171"}],"wp:attachment":[{"href":"https:\/\/centralmedia.rs\/index.php\/wp-json\/wp\/v2\/media?parent=26689"}],"wp:term":[{"taxonomy":"category","embeddable":true,"href":"https:\/\/centralmedia.rs\/index.php\/wp-json\/wp\/v2\/categories?post=26689"},{"taxonomy":"post_tag","embeddable":true,"href":"https:\/\/centralmedia.rs\/index.php\/wp-json\/wp\/v2\/tags?post=26689"}],"curies":[{"name":"wp","href":"https:\/\/api.w.org\/{rel}","templated":true}]}}