{"id":26712,"date":"2021-05-06T20:02:24","date_gmt":"2021-05-06T18:02:24","guid":{"rendered":"http:\/\/centralmedia.rs\/?p=26712"},"modified":"2022-01-04T18:36:48","modified_gmt":"2022-01-04T17:36:48","slug":"palma-uzvraca-udarac-podneo-krivicnu-prijavu-protiv-marinikinog-svedoka","status":"publish","type":"post","link":"https:\/\/centralmedia.rs\/index.php\/2021\/05\/06\/palma-uzvraca-udarac-podneo-krivicnu-prijavu-protiv-marinikinog-svedoka\/","title":{"rendered":"PALMA UZVRA\u0106A UDARAC: Podneo krivi\u010dnu prijavu protiv Marinikinog svedoka"},"content":{"rendered":"<p>Lider Jedinstvene Srbije Dragan Markovi\u0107 Palma danas je u Vi\u0161em javnom tu\u017eila\u0161tvu u Beogradu podneo krivi\u010dnu projavu protiv Branislava Radosavljevi\u0107a, &#8220;za\u0161ti\u0107enog svedoka&#8221; Marinike Tepi\u0107.<\/p>\n<div id='gallery-1' class='gallery galleryid-26712 gallery-columns-3 gallery-size-full'><figure class='gallery-item'>\n\t\t\t<div class='gallery-icon portrait'>\n\t\t\t\t<a href='https:\/\/centralmedia.rs\/index.php\/2021\/05\/06\/palma-uzvraca-udarac-podneo-krivicnu-prijavu-protiv-marinikinog-svedoka\/krivicna-prijava\/'><img loading=\"lazy\" decoding=\"async\" width=\"770\" height=\"1025\" src=\"https:\/\/centralmedia.rs\/wp-content\/uploads\/2021\/05\/krivicna-prijava.jpg\" class=\"attachment-full size-full\" alt=\"\" srcset=\"https:\/\/centralmedia.rs\/wp-content\/uploads\/2021\/05\/krivicna-prijava.jpg 770w, https:\/\/centralmedia.rs\/wp-content\/uploads\/2021\/05\/krivicna-prijava-225x300.jpg 225w, https:\/\/centralmedia.rs\/wp-content\/uploads\/2021\/05\/krivicna-prijava-768x1022.jpg 768w, https:\/\/centralmedia.rs\/wp-content\/uploads\/2021\/05\/krivicna-prijava-769x1024.jpg 769w, https:\/\/centralmedia.rs\/wp-content\/uploads\/2021\/05\/krivicna-prijava-316x420.jpg 316w, https:\/\/centralmedia.rs\/wp-content\/uploads\/2021\/05\/krivicna-prijava-640x852.jpg 640w, https:\/\/centralmedia.rs\/wp-content\/uploads\/2021\/05\/krivicna-prijava-681x907.jpg 681w\" sizes=\"(max-width: 770px) 100vw, 770px\" \/><\/a>\n\t\t\t<\/div><\/figure><figure class='gallery-item'>\n\t\t\t<div class='gallery-icon portrait'>\n\t\t\t\t<a href='https:\/\/centralmedia.rs\/index.php\/2021\/05\/06\/palma-uzvraca-udarac-podneo-krivicnu-prijavu-protiv-marinikinog-svedoka\/krivicna-prijava1\/'><img loading=\"lazy\" decoding=\"async\" width=\"770\" height=\"1077\" src=\"https:\/\/centralmedia.rs\/wp-content\/uploads\/2021\/05\/krivicna-prijava1.jpg\" class=\"attachment-full size-full\" alt=\"\" srcset=\"https:\/\/centralmedia.rs\/wp-content\/uploads\/2021\/05\/krivicna-prijava1.jpg 770w, https:\/\/centralmedia.rs\/wp-content\/uploads\/2021\/05\/krivicna-prijava1-214x300.jpg 214w, https:\/\/centralmedia.rs\/wp-content\/uploads\/2021\/05\/krivicna-prijava1-768x1074.jpg 768w, https:\/\/centralmedia.rs\/wp-content\/uploads\/2021\/05\/krivicna-prijava1-732x1024.jpg 732w, https:\/\/centralmedia.rs\/wp-content\/uploads\/2021\/05\/krivicna-prijava1-300x420.jpg 300w, https:\/\/centralmedia.rs\/wp-content\/uploads\/2021\/05\/krivicna-prijava1-640x895.jpg 640w, https:\/\/centralmedia.rs\/wp-content\/uploads\/2021\/05\/krivicna-prijava1-681x953.jpg 681w\" sizes=\"(max-width: 770px) 100vw, 770px\" \/><\/a>\n\t\t\t<\/div><\/figure><figure class='gallery-item'>\n\t\t\t<div class='gallery-icon portrait'>\n\t\t\t\t<a href='https:\/\/centralmedia.rs\/index.php\/2021\/05\/06\/palma-uzvraca-udarac-podneo-krivicnu-prijavu-protiv-marinikinog-svedoka\/krivicna-prijava2\/'><img loading=\"lazy\" decoding=\"async\" width=\"770\" height=\"1095\" src=\"https:\/\/centralmedia.rs\/wp-content\/uploads\/2021\/05\/krivicna-prijava2.jpg\" class=\"attachment-full size-full\" alt=\"\" srcset=\"https:\/\/centralmedia.rs\/wp-content\/uploads\/2021\/05\/krivicna-prijava2.jpg 770w, https:\/\/centralmedia.rs\/wp-content\/uploads\/2021\/05\/krivicna-prijava2-211x300.jpg 211w, https:\/\/centralmedia.rs\/wp-content\/uploads\/2021\/05\/krivicna-prijava2-768x1092.jpg 768w, https:\/\/centralmedia.rs\/wp-content\/uploads\/2021\/05\/krivicna-prijava2-720x1024.jpg 720w, https:\/\/centralmedia.rs\/wp-content\/uploads\/2021\/05\/krivicna-prijava2-295x420.jpg 295w, https:\/\/centralmedia.rs\/wp-content\/uploads\/2021\/05\/krivicna-prijava2-640x910.jpg 640w, https:\/\/centralmedia.rs\/wp-content\/uploads\/2021\/05\/krivicna-prijava2-681x968.jpg 681w\" sizes=\"(max-width: 770px) 100vw, 770px\" \/><\/a>\n\t\t\t<\/div><\/figure>\n\t\t<\/div>\n\n<p>Kako se navodi, krivi\u010dna prijava je podneta zato \u0161to postoji osnov sumnje da je Radosavljevi\u0107 putem sredstava javnog informisanja izvr\u0161io krivi\u010dno delo Izazivanje panike i nereda, tokom konferencije za \u0161tampu u sedi\u0161tu politi\u010dke organizacije &#8220;Stranke slobode i pravde&#8221; u Beogradu.<\/p>\n<p>&#8220;Jagodina, i uop\u0161te pomoravski kraj je tradicionalno, mo\u017ee se re\u0107i dosta konzervativan, gde se po\u0161tuju ljudske vrednosti kao \u0161to su \u010dast i po\u0161tenje, odgovornost i istinitost, gde se u vezi sa tim na najvi\u0161em nivou porodicne vrednosti, kao nose\u0107i stub. Pozivanje osumnji\u010denog i spominjanje trinaest ipo hiljada mu\u0161karaca, na za\u0161titu navodnih \u017ertvi od strane njihovih roditelja, prijatelja, ujaka, stri\u010deva, dedova, i tako dalje, ustvari predstavlja najperfidniju pretnju u pravcu ugro\u017eavanja podnosioca krivi\u010dne prijave i njegove u\u017ee i \u0161ire porodice, i to na najobjektivniji na\u010din. O\u010diglednom zamenom teza, o nekakvoj imaginarnoj ugro\u017eenosti devojaka-\u017eena navodnih \u017ertava, i koje su navodno ugre\u017eene od podnosioca prijave, ustvari se posti\u017ee efekat poziva na njegov\u00a0 lin\u010d, i ta prazna konstrukcija predstavlja realan okida\u010d za takvu mogu\u0107nost, pri \u010demu se Markovi\u0107 predstavlja kao institucija koji ima veliku svakojaku mo\u0107, koju svaki \u010dovek, \u010dak u normalnim okolnostima nerado prihvata i apriori ima otpor prema tome. Svemu ovome treba dodati \u010dinjenicu dugotrajnog trajanja pandemije izazvane korona virusom, gde su ljudi hteli to, ili ne me\u0111usobno distancirani, iscrpljeni fizi\u010dki i mentalno, u ina\u010de lo\u0161oj ekonomskoj situaciji na \u0161irem prostoru ne samo Srbije, ve\u0107 i van nje.\u00a0 U sklopu tih \u010dinjenica, na navedeni na\u010din izazvan je opravdan strah Markovi\u0107a za bezbednost, kako svoju tako i za bezbednost svoje porodice-najbli\u017eih, ne samo u Jagodini, nego na \u0161irem prostoru Srbije. Kona\u010dno, to je i cilj osumnji\u010denog da bez i jednog dokaza za javno iznete navode u stvari targetira Markovi\u0107a i njegovu porodicu potencijalno nesagledivim posledicama. Opisanim radnjama, osumnji\u010deni je pored navedenog krivi\u010dnog dela izvr\u0161io najmanje jo\u0161\u00a0 krivi\u010dno delo, ugro\u017eavanje sigurnosti sa svim zakonskim obele\u017ejima toga dela, a sasvim sigurno i obele\u017eja drugih krivi\u010dnih dela sa elementima podstrekavanja na nasilje, za koje se krivi\u010dno gonjenje preduzima po slu\u017ebenoj du\u017enosti&#8221;, navodi se u prijavi koju je lider Jednistvene Srbije danas podneo.<\/p>\n<p>Branislav Radosavljevi\u0107 je ranije svedo\u010dio i optu\u017eio Markovi\u0107a za navodno ,,podvo\u0111enje maloletnih lica u njegovom hotelu u Jagodini&#8221;.<\/p>\n","protected":false},"excerpt":{"rendered":"<p>Lider Jedinstvene Srbije Dragan Markovi\u0107 Palma danas je u Vi\u0161em javnom tu\u017eila\u0161tvu u Beogradu podneo krivi\u010dnu projavu protiv Branislava Radosavljevi\u0107a, &#8220;za\u0161ti\u0107enog svedoka&#8221; Marinike Tepi\u0107. Kako &hellip; <\/p>\n","protected":false},"author":2,"featured_media":16269,"comment_status":"open","ping_status":"open","sticky":false,"template":"","format":"standard","meta":{"footnotes":""},"categories":[1524,2,1514,5643,13,887,12],"tags":[1182,120],"_links":{"self":[{"href":"https:\/\/centralmedia.rs\/index.php\/wp-json\/wp\/v2\/posts\/26712"}],"collection":[{"href":"https:\/\/centralmedia.rs\/index.php\/wp-json\/wp\/v2\/posts"}],"about":[{"href":"https:\/\/centralmedia.rs\/index.php\/wp-json\/wp\/v2\/types\/post"}],"author":[{"embeddable":true,"href":"https:\/\/centralmedia.rs\/index.php\/wp-json\/wp\/v2\/users\/2"}],"replies":[{"embeddable":true,"href":"https:\/\/centralmedia.rs\/index.php\/wp-json\/wp\/v2\/comments?post=26712"}],"version-history":[{"count":2,"href":"https:\/\/centralmedia.rs\/index.php\/wp-json\/wp\/v2\/posts\/26712\/revisions"}],"predecessor-version":[{"id":26738,"href":"https:\/\/centralmedia.rs\/index.php\/wp-json\/wp\/v2\/posts\/26712\/revisions\/26738"}],"wp:featuredmedia":[{"embeddable":true,"href":"https:\/\/centralmedia.rs\/index.php\/wp-json\/wp\/v2\/media\/16269"}],"wp:attachment":[{"href":"https:\/\/centralmedia.rs\/index.php\/wp-json\/wp\/v2\/media?parent=26712"}],"wp:term":[{"taxonomy":"category","embeddable":true,"href":"https:\/\/centralmedia.rs\/index.php\/wp-json\/wp\/v2\/categories?post=26712"},{"taxonomy":"post_tag","embeddable":true,"href":"https:\/\/centralmedia.rs\/index.php\/wp-json\/wp\/v2\/tags?post=26712"}],"curies":[{"name":"wp","href":"https:\/\/api.w.org\/{rel}","templated":true}]}}