{"id":26718,"date":"2021-05-06T20:29:25","date_gmt":"2021-05-06T18:29:25","guid":{"rendered":"http:\/\/centralmedia.rs\/?p=26718"},"modified":"2021-05-09T13:54:31","modified_gmt":"2021-05-09T11:54:31","slug":"visoki-orden-eparhije-branicevske-dodeljen-skupstini-opstine-cuprija","status":"publish","type":"post","link":"https:\/\/centralmedia.rs\/index.php\/2021\/05\/06\/visoki-orden-eparhije-branicevske-dodeljen-skupstini-opstine-cuprija\/","title":{"rendered":"Visoki orden Eparhije brani\u010devske dodeljen Skup\u0161tini op\u0161tine \u0106uprija"},"content":{"rendered":"<p>\u0106UPRIJA-\u201eIma mnogo dobrotvora, ali ima onih koji se isti\u010du. Naravno, Gospod nikad ne zaboravlja, ali smo mi du\u017eni da, one koji se posebno zala\u017eu za dobro na\u0161e Crkve, istaknemo i, \u0161to se nas ti\u010de, odamo im priznanje\u201c, rekao je danas Njegovo preosve\u0161tenstvo episkop brani\u010devski Ignatije prilikom dodele Ordena Svetog apostola jevan\u0111eliste Luke prvog reda Skup\u0161tini op\u0161tine \u0106uprija.<\/p>\n<div id='gallery-1' class='gallery galleryid-26718 gallery-columns-5 gallery-size-thumbnail'><figure class='gallery-item'>\n\t\t\t<div class='gallery-icon landscape'>\n\t\t\t\t<a href='https:\/\/centralmedia.rs\/index.php\/2021\/05\/06\/visoki-orden-eparhije-branicevske-dodeljen-skupstini-opstine-cuprija\/orden-sv-luke5\/'><img loading=\"lazy\" decoding=\"async\" width=\"150\" height=\"150\" src=\"https:\/\/centralmedia.rs\/wp-content\/uploads\/2021\/05\/orden-sv-luke5-150x150.jpg\" class=\"attachment-thumbnail size-thumbnail\" alt=\"\" \/><\/a>\n\t\t\t<\/div><\/figure><figure class='gallery-item'>\n\t\t\t<div class='gallery-icon landscape'>\n\t\t\t\t<a href='https:\/\/centralmedia.rs\/index.php\/2021\/05\/06\/visoki-orden-eparhije-branicevske-dodeljen-skupstini-opstine-cuprija\/vladika-ignjatije\/'><img loading=\"lazy\" decoding=\"async\" width=\"150\" height=\"150\" src=\"https:\/\/centralmedia.rs\/wp-content\/uploads\/2021\/05\/vladika-ignjatije-150x150.jpg\" class=\"attachment-thumbnail size-thumbnail\" alt=\"\" \/><\/a>\n\t\t\t<\/div><\/figure><figure class='gallery-item'>\n\t\t\t<div class='gallery-icon landscape'>\n\t\t\t\t<a href='https:\/\/centralmedia.rs\/index.php\/2021\/05\/06\/visoki-orden-eparhije-branicevske-dodeljen-skupstini-opstine-cuprija\/vladika-ignjatije1\/'><img loading=\"lazy\" decoding=\"async\" width=\"150\" height=\"150\" src=\"https:\/\/centralmedia.rs\/wp-content\/uploads\/2021\/05\/vladika-ignjatije1-150x150.jpg\" class=\"attachment-thumbnail size-thumbnail\" alt=\"\" \/><\/a>\n\t\t\t<\/div><\/figure><figure class='gallery-item'>\n\t\t\t<div class='gallery-icon landscape'>\n\t\t\t\t<a href='https:\/\/centralmedia.rs\/index.php\/2021\/05\/06\/visoki-orden-eparhije-branicevske-dodeljen-skupstini-opstine-cuprija\/vladika-ignjatije2\/'><img loading=\"lazy\" decoding=\"async\" width=\"150\" height=\"150\" src=\"https:\/\/centralmedia.rs\/wp-content\/uploads\/2021\/05\/vladika-ignjatije2-150x150.jpg\" class=\"attachment-thumbnail size-thumbnail\" alt=\"\" \/><\/a>\n\t\t\t<\/div><\/figure><figure class='gallery-item'>\n\t\t\t<div class='gallery-icon landscape'>\n\t\t\t\t<a href='https:\/\/centralmedia.rs\/index.php\/2021\/05\/06\/visoki-orden-eparhije-branicevske-dodeljen-skupstini-opstine-cuprija\/vladika-ignjatije3\/'><img loading=\"lazy\" decoding=\"async\" width=\"150\" height=\"150\" src=\"https:\/\/centralmedia.rs\/wp-content\/uploads\/2021\/05\/vladika-ignjatije3-150x150.jpg\" class=\"attachment-thumbnail size-thumbnail\" alt=\"\" \/><\/a>\n\t\t\t<\/div><\/figure>\n\t\t<\/div>\n\n<p>Vladika Ignatije orden je uru\u010dio Ninoslavu Eri\u0107u, predsedniku Skup\u0161tine op\u0161tine \u0106uprija.<\/p>\n<p>Orden Svetog Luke drugog reda danas su dobili Aleksa Tomi\u0107 i Du\u0161an Mani\u0107, a na dan Svetog velikomu\u010denika Georgija, za stare\u0161inu Crkve sv. \u0110or\u0111a u \u0106upriji postavljen je sve\u0161tenik Rajko Rajkovi\u0107.<\/p>\n<div id='gallery-2' class='gallery galleryid-26718 gallery-columns-7 gallery-size-thumbnail'><figure class='gallery-item'>\n\t\t\t<div class='gallery-icon landscape'>\n\t\t\t\t<a href='https:\/\/centralmedia.rs\/index.php\/2021\/05\/06\/visoki-orden-eparhije-branicevske-dodeljen-skupstini-opstine-cuprija\/eric-i-milicevic\/'><img loading=\"lazy\" decoding=\"async\" width=\"150\" height=\"150\" src=\"https:\/\/centralmedia.rs\/wp-content\/uploads\/2021\/05\/eric-i-milicevic-150x150.jpg\" class=\"attachment-thumbnail size-thumbnail\" alt=\"\" \/><\/a>\n\t\t\t<\/div><\/figure><figure class='gallery-item'>\n\t\t\t<div class='gallery-icon landscape'>\n\t\t\t\t<a href='https:\/\/centralmedia.rs\/index.php\/2021\/05\/06\/visoki-orden-eparhije-branicevske-dodeljen-skupstini-opstine-cuprija\/eric-17\/'><img loading=\"lazy\" decoding=\"async\" width=\"150\" height=\"150\" src=\"https:\/\/centralmedia.rs\/wp-content\/uploads\/2021\/05\/eric-150x150.jpg\" class=\"attachment-thumbnail size-thumbnail\" alt=\"\" \/><\/a>\n\t\t\t<\/div><\/figure><figure class='gallery-item'>\n\t\t\t<div class='gallery-icon portrait'>\n\t\t\t\t<a href='https:\/\/centralmedia.rs\/index.php\/2021\/05\/06\/visoki-orden-eparhije-branicevske-dodeljen-skupstini-opstine-cuprija\/orden-sv-lke\/'><img loading=\"lazy\" decoding=\"async\" width=\"150\" height=\"150\" src=\"https:\/\/centralmedia.rs\/wp-content\/uploads\/2021\/05\/orden-sv-lke-150x150.jpg\" class=\"attachment-thumbnail size-thumbnail\" alt=\"\" \/><\/a>\n\t\t\t<\/div><\/figure><figure class='gallery-item'>\n\t\t\t<div class='gallery-icon landscape'>\n\t\t\t\t<a href='https:\/\/centralmedia.rs\/index.php\/2021\/05\/06\/visoki-orden-eparhije-branicevske-dodeljen-skupstini-opstine-cuprija\/orden-sv-luke\/'><img loading=\"lazy\" decoding=\"async\" width=\"150\" height=\"150\" src=\"https:\/\/centralmedia.rs\/wp-content\/uploads\/2021\/05\/orden-sv-luke-150x150.jpg\" class=\"attachment-thumbnail size-thumbnail\" alt=\"\" \/><\/a>\n\t\t\t<\/div><\/figure><figure class='gallery-item'>\n\t\t\t<div class='gallery-icon landscape'>\n\t\t\t\t<a href='https:\/\/centralmedia.rs\/index.php\/2021\/05\/06\/visoki-orden-eparhije-branicevske-dodeljen-skupstini-opstine-cuprija\/orden-sv-luke1\/'><img loading=\"lazy\" decoding=\"async\" width=\"150\" height=\"150\" src=\"https:\/\/centralmedia.rs\/wp-content\/uploads\/2021\/05\/orden-sv-luke1-150x150.jpg\" class=\"attachment-thumbnail size-thumbnail\" alt=\"\" \/><\/a>\n\t\t\t<\/div><\/figure><figure class='gallery-item'>\n\t\t\t<div class='gallery-icon landscape'>\n\t\t\t\t<a href='https:\/\/centralmedia.rs\/index.php\/2021\/05\/06\/visoki-orden-eparhije-branicevske-dodeljen-skupstini-opstine-cuprija\/orden-sv-luke2\/'><img loading=\"lazy\" decoding=\"async\" width=\"150\" height=\"150\" src=\"https:\/\/centralmedia.rs\/wp-content\/uploads\/2021\/05\/orden-sv-luke2-150x150.jpg\" class=\"attachment-thumbnail size-thumbnail\" alt=\"\" \/><\/a>\n\t\t\t<\/div><\/figure><figure class='gallery-item'>\n\t\t\t<div class='gallery-icon landscape'>\n\t\t\t\t<a href='https:\/\/centralmedia.rs\/index.php\/2021\/05\/06\/visoki-orden-eparhije-branicevske-dodeljen-skupstini-opstine-cuprija\/orden-sv-luke3\/'><img loading=\"lazy\" decoding=\"async\" width=\"150\" height=\"150\" src=\"https:\/\/centralmedia.rs\/wp-content\/uploads\/2021\/05\/orden-sv-luke3-150x150.jpg\" class=\"attachment-thumbnail size-thumbnail\" alt=\"\" \/><\/a>\n\t\t\t<\/div><\/figure>\n\t\t<\/div>\n\n","protected":false},"excerpt":{"rendered":"<p>\u0106UPRIJA-\u201eIma mnogo dobrotvora, ali ima onih koji se isti\u010du. Naravno, Gospod nikad ne zaboravlja, ali smo mi du\u017eni da, one koji se posebno zala\u017eu za &hellip; <\/p>\n","protected":false},"author":2,"featured_media":26719,"comment_status":"open","ping_status":"open","sticky":false,"template":"","format":"standard","meta":{"footnotes":""},"categories":[1515,14,1524,2,12],"tags":[759,3270,5117],"_links":{"self":[{"href":"https:\/\/centralmedia.rs\/index.php\/wp-json\/wp\/v2\/posts\/26718"}],"collection":[{"href":"https:\/\/centralmedia.rs\/index.php\/wp-json\/wp\/v2\/posts"}],"about":[{"href":"https:\/\/centralmedia.rs\/index.php\/wp-json\/wp\/v2\/types\/post"}],"author":[{"embeddable":true,"href":"https:\/\/centralmedia.rs\/index.php\/wp-json\/wp\/v2\/users\/2"}],"replies":[{"embeddable":true,"href":"https:\/\/centralmedia.rs\/index.php\/wp-json\/wp\/v2\/comments?post=26718"}],"version-history":[{"count":1,"href":"https:\/\/centralmedia.rs\/index.php\/wp-json\/wp\/v2\/posts\/26718\/revisions"}],"predecessor-version":[{"id":26732,"href":"https:\/\/centralmedia.rs\/index.php\/wp-json\/wp\/v2\/posts\/26718\/revisions\/26732"}],"wp:featuredmedia":[{"embeddable":true,"href":"https:\/\/centralmedia.rs\/index.php\/wp-json\/wp\/v2\/media\/26719"}],"wp:attachment":[{"href":"https:\/\/centralmedia.rs\/index.php\/wp-json\/wp\/v2\/media?parent=26718"}],"wp:term":[{"taxonomy":"category","embeddable":true,"href":"https:\/\/centralmedia.rs\/index.php\/wp-json\/wp\/v2\/categories?post=26718"},{"taxonomy":"post_tag","embeddable":true,"href":"https:\/\/centralmedia.rs\/index.php\/wp-json\/wp\/v2\/tags?post=26718"}],"curies":[{"name":"wp","href":"https:\/\/api.w.org\/{rel}","templated":true}]}}