{"id":2672,"date":"2016-04-11T16:38:24","date_gmt":"2016-04-11T16:38:24","guid":{"rendered":"http:\/\/centralmedia.rs\/?p=2672"},"modified":"2016-04-11T16:38:24","modified_gmt":"2016-04-11T16:38:24","slug":"selakovic-u-rakitovu-pobeda-sns-promena-vlasti-u-jagodini","status":"publish","type":"post","link":"https:\/\/centralmedia.rs\/index.php\/2016\/04\/11\/selakovic-u-rakitovu-pobeda-sns-promena-vlasti-u-jagodini\/","title":{"rendered":"SELAKOVI\u0106 U RAKITOVU &#8211; POBEDA SNS I PROMENA VLASTI U JAGODINI"},"content":{"rendered":"<p>JAGODINA-Ministar pravde u Vladi Srbije Nikola Selakovi\u0107 izjavio je da \u0107e za manje od tri nedelje u Jagodini do\u0107i do promena i pobede SNS.<br \/>\n\t-Tesna i premala sala doma u Rakitovu \u0161alje veliku i jaku poruku, a to je jo\u0161 manje od od tri nedelje do promene i do pobede. Obi\u0161ao sam mnoga sela i varo\u0161i, gradove. Video puno energije kod na\u0161i ljudi iz SNS. To je u redu, jer  imamo najve\u0107u stranku i najboljeg predsednika, ali ovako ne\u0161to jo\u0161 nisam video, rekao je na po\u010detku obra\u0107anja na tribini SNS u Rakitovu Selakovi\u0107 i citirao staru izreku ,,ako u\u0111e\u0161 u pogre\u0161an voz, sve stanice su pogre\u0161ene\u201c.<a href=\"https:\/\/centralmedia.rs\/wp-content\/uploads\/2016\/04\/rakitovo-1.jpg\" rel=\"attachment wp-att-2674\"><img loading=\"lazy\" decoding=\"async\" src=\"https:\/\/centralmedia.rs\/wp-content\/uploads\/2016\/04\/rakitovo-1-300x201.jpg\" alt=\"rakitovo 1\" width=\"300\" height=\"201\" class=\"alignnone size-medium wp-image-2674\" srcset=\"https:\/\/centralmedia.rs\/wp-content\/uploads\/2016\/04\/rakitovo-1-300x201.jpg 300w, https:\/\/centralmedia.rs\/wp-content\/uploads\/2016\/04\/rakitovo-1-768x515.jpg 768w, https:\/\/centralmedia.rs\/wp-content\/uploads\/2016\/04\/rakitovo-1.jpg 960w\" sizes=\"(max-width: 300px) 100vw, 300px\" \/><\/a><br \/>\n-Ako \u017eelite da Jagodina ide mogo br\u017ee i izvesnije u budu\u0107nost, gradona\u010delnik Jagodine mora da bude iz iste stranke iz koje je predsednik Vlade Srbije. To \u0107e biti, uveren sam, SNS, naglasio je on.<br \/>\nPredsednik  op\u0161tine \u0106uprija Ninoslav Eri\u0107 ustvrdio je da Jagodina ima snagu za promene, kao i da ,,promene moraju da se dogode u Jagodini\u201c.<br \/>\n-Posle 24 aprila ne\u0107u da budem jedini predsednik op\u0161tine u Pomoravlju ispred SNS. Svi znate \u0161ta je \u0106uprija bila pre juna 2013 godine. Od tada smo uradili sve ono \u0161to je neko uni\u0161tavao u \u0106upriji, zvali su nas ,,tunelom izme\u0111u Jagodine i Para\u0107ina\u201c. Vi\u0161e nismo ,,tunel\u201c, a postoji samo jedan razlog SNS je  na \u010delu \u0106uprije. Zato i u Jagodini SNS 24 aprila mora da stane na \u010delo grada. Imao sam veliku podr\u0161ku ministara i premijera za sve \u0161to smo uradili u \u0106upriji i vi \u0107e te imati tu podr\u0161ku ukoliko 24 aprila glasate za Aleksandra Vu\u010di\u0107a i SNS, zaklju\u010dio je on.       <a href=\"https:\/\/centralmedia.rs\/wp-content\/uploads\/2016\/04\/rakitovo-3.jpg\" rel=\"attachment wp-att-2675\"><img loading=\"lazy\" decoding=\"async\" src=\"https:\/\/centralmedia.rs\/wp-content\/uploads\/2016\/04\/rakitovo-3-300x199.jpg\" alt=\"rakitovo 3\" width=\"300\" height=\"199\" class=\"alignnone size-medium wp-image-2675\" srcset=\"https:\/\/centralmedia.rs\/wp-content\/uploads\/2016\/04\/rakitovo-3-300x199.jpg 300w, https:\/\/centralmedia.rs\/wp-content\/uploads\/2016\/04\/rakitovo-3-768x510.jpg 768w, https:\/\/centralmedia.rs\/wp-content\/uploads\/2016\/04\/rakitovo-3.jpg 960w\" sizes=\"(max-width: 300px) 100vw, 300px\" \/><\/a><br \/>\nKandidat SNS za gradona\u010delnika Jagodine Nikola Radosavljevi\u0107  obrazlo\u017eio je program rada te stranke u naredne \u010detiri godine, koji se zasniva na ,,radu institucija, umesto kulta li\u010dnosti\u201c.<br \/>\n-Promena vlasti u Jagodini ne zna\u010di da \u0107emo stati, ve\u0107 da \u0107emo i\u0107i korak dalje, korak bolje. Aleksandar Vu\u010di\u0107 nam je pru\u017eio ruku i moram ra bude ovde sa nama u Jagodini. Moramo da pove\u017eemo grad sa ministarstvima i Vladom Srbije, rekao je Radosavljevi\u0107.<br \/>\n<a href=\"https:\/\/centralmedia.rs\/wp-content\/uploads\/2016\/04\/rakitovo-2.jpg\" rel=\"attachment wp-att-2676\"><img loading=\"lazy\" decoding=\"async\" src=\"https:\/\/centralmedia.rs\/wp-content\/uploads\/2016\/04\/rakitovo-2-300x199.jpg\" alt=\"rakitovo 2\" width=\"300\" height=\"199\" class=\"alignnone size-medium wp-image-2676\" srcset=\"https:\/\/centralmedia.rs\/wp-content\/uploads\/2016\/04\/rakitovo-2-300x199.jpg 300w, https:\/\/centralmedia.rs\/wp-content\/uploads\/2016\/04\/rakitovo-2-768x510.jpg 768w, https:\/\/centralmedia.rs\/wp-content\/uploads\/2016\/04\/rakitovo-2.jpg 960w\" sizes=\"(max-width: 300px) 100vw, 300px\" \/><\/a><\/p>\n","protected":false},"excerpt":{"rendered":"<p>JAGODINA-Ministar pravde u Vladi Srbije Nikola Selakovi\u0107 izjavio je da \u0107e za manje od tri nedelje u Jagodini do\u0107i do promena i pobede SNS. -Tesna &hellip; <\/p>\n","protected":false},"author":4,"featured_media":2673,"comment_status":"open","ping_status":"open","sticky":false,"template":"","format":"standard","meta":{"footnotes":""},"categories":[2,13,12],"tags":[58,692,561,136],"_links":{"self":[{"href":"https:\/\/centralmedia.rs\/index.php\/wp-json\/wp\/v2\/posts\/2672"}],"collection":[{"href":"https:\/\/centralmedia.rs\/index.php\/wp-json\/wp\/v2\/posts"}],"about":[{"href":"https:\/\/centralmedia.rs\/index.php\/wp-json\/wp\/v2\/types\/post"}],"author":[{"embeddable":true,"href":"https:\/\/centralmedia.rs\/index.php\/wp-json\/wp\/v2\/users\/4"}],"replies":[{"embeddable":true,"href":"https:\/\/centralmedia.rs\/index.php\/wp-json\/wp\/v2\/comments?post=2672"}],"version-history":[{"count":0,"href":"https:\/\/centralmedia.rs\/index.php\/wp-json\/wp\/v2\/posts\/2672\/revisions"}],"wp:featuredmedia":[{"embeddable":true,"href":"https:\/\/centralmedia.rs\/index.php\/wp-json\/wp\/v2\/media\/2673"}],"wp:attachment":[{"href":"https:\/\/centralmedia.rs\/index.php\/wp-json\/wp\/v2\/media?parent=2672"}],"wp:term":[{"taxonomy":"category","embeddable":true,"href":"https:\/\/centralmedia.rs\/index.php\/wp-json\/wp\/v2\/categories?post=2672"},{"taxonomy":"post_tag","embeddable":true,"href":"https:\/\/centralmedia.rs\/index.php\/wp-json\/wp\/v2\/tags?post=2672"}],"curies":[{"name":"wp","href":"https:\/\/api.w.org\/{rel}","templated":true}]}}