{"id":2678,"date":"2016-04-11T16:43:01","date_gmt":"2016-04-11T16:43:01","guid":{"rendered":"http:\/\/centralmedia.rs\/?p=2678"},"modified":"2016-04-11T16:43:01","modified_gmt":"2016-04-11T16:43:01","slug":"palma-radnicima-fabrike-kablova-otpremnine-povratak-na-posao","status":"publish","type":"post","link":"https:\/\/centralmedia.rs\/index.php\/2016\/04\/11\/palma-radnicima-fabrike-kablova-otpremnine-povratak-na-posao\/","title":{"rendered":"PALMA \u2013 RADNICIMA FABRIKE KABLOVA OTPREMNINE I  POVRATAK NA POSAO"},"content":{"rendered":"<p>JAGODINA-Posle Jagodinske pivare, u Fabrici kablova bi\u0107e progla\u0161en ste\u010daj, potvrdio predsednik Skup\u0161tine grada Jagodina Dragan Markovi\u0107 Palma.<br \/>\n\t-U Fabrici kablova bi\u0107e uveden ste\u010daj. Rekao sam sindikatima da svi radnici uzmu otpremnine. Imamo tri zainteresovana kupca za Fabriku kablova. Na posao \u0107e biti vra\u0107eni svi radnici i bi\u0107e zaposleni novi. Fabrika \u0107e dobit novu tehnologiju zahvajuju\u0107i kojoj \u0107emo vratiti tr\u017ei\u0161te u celom svetu, kao \u0161to je nekad bilo. To treba i mora da mi verijete, jer ja znam \u0161ta je privreda, rekao je Palma obra\u0107aju\u0107i se Jagodincima.  <a href=\"https:\/\/centralmedia.rs\/wp-content\/uploads\/2016\/04\/palma-1.jpg\" rel=\"attachment wp-att-2680\"><img loading=\"lazy\" decoding=\"async\" src=\"https:\/\/centralmedia.rs\/wp-content\/uploads\/2016\/04\/palma-1-300x163.jpg\" alt=\"palma 1\" width=\"300\" height=\"163\" class=\"alignnone size-medium wp-image-2680\" srcset=\"https:\/\/centralmedia.rs\/wp-content\/uploads\/2016\/04\/palma-1-300x163.jpg 300w, https:\/\/centralmedia.rs\/wp-content\/uploads\/2016\/04\/palma-1-768x416.jpg 768w, https:\/\/centralmedia.rs\/wp-content\/uploads\/2016\/04\/palma-1.jpg 960w\" sizes=\"(max-width: 300px) 100vw, 300px\" \/><\/a><br \/>\nOn je dodao da Fabrika kablova ne\u0107e biti uga\u0161ena, ve\u0107 \u0107e po modelu Jagodinske pivare biti uveden ste\u010daj, otpisani dugovi.<br \/>\n-Radnici Jagodinske pivare dobili su otpremnine u visini od 300 evra po godini radnog sta\u017ea, svi su vra\u0107eni na posao i imamo pet potencijanih kupaca za najbolje pivo u Evropi. Nikada ne\u0107emo dozvoliti da Jagodinska pivara bude uga\u0161ena. Iako, nismo imali ministre u Beogradu da odlu\u010dujemo o tome, istakao je Palma.<\/p>\n","protected":false},"excerpt":{"rendered":"<p>JAGODINA-Posle Jagodinske pivare, u Fabrici kablova bi\u0107e progla\u0161en ste\u010daj, potvrdio predsednik Skup\u0161tine grada Jagodina Dragan Markovi\u0107 Palma. -U Fabrici kablova bi\u0107e uveden ste\u010daj. Rekao sam &hellip; <\/p>\n","protected":false},"author":4,"featured_media":2679,"comment_status":"open","ping_status":"open","sticky":false,"template":"","format":"standard","meta":{"footnotes":""},"categories":[2,13,12],"tags":[368,58,120,239],"_links":{"self":[{"href":"https:\/\/centralmedia.rs\/index.php\/wp-json\/wp\/v2\/posts\/2678"}],"collection":[{"href":"https:\/\/centralmedia.rs\/index.php\/wp-json\/wp\/v2\/posts"}],"about":[{"href":"https:\/\/centralmedia.rs\/index.php\/wp-json\/wp\/v2\/types\/post"}],"author":[{"embeddable":true,"href":"https:\/\/centralmedia.rs\/index.php\/wp-json\/wp\/v2\/users\/4"}],"replies":[{"embeddable":true,"href":"https:\/\/centralmedia.rs\/index.php\/wp-json\/wp\/v2\/comments?post=2678"}],"version-history":[{"count":0,"href":"https:\/\/centralmedia.rs\/index.php\/wp-json\/wp\/v2\/posts\/2678\/revisions"}],"wp:featuredmedia":[{"embeddable":true,"href":"https:\/\/centralmedia.rs\/index.php\/wp-json\/wp\/v2\/media\/2679"}],"wp:attachment":[{"href":"https:\/\/centralmedia.rs\/index.php\/wp-json\/wp\/v2\/media?parent=2678"}],"wp:term":[{"taxonomy":"category","embeddable":true,"href":"https:\/\/centralmedia.rs\/index.php\/wp-json\/wp\/v2\/categories?post=2678"},{"taxonomy":"post_tag","embeddable":true,"href":"https:\/\/centralmedia.rs\/index.php\/wp-json\/wp\/v2\/tags?post=2678"}],"curies":[{"name":"wp","href":"https:\/\/api.w.org\/{rel}","templated":true}]}}