{"id":26798,"date":"2021-05-11T12:17:05","date_gmt":"2021-05-11T10:17:05","guid":{"rendered":"http:\/\/centralmedia.rs\/?p=26798"},"modified":"2022-01-04T18:35:04","modified_gmt":"2022-01-04T17:35:04","slug":"palma-tuzio-sina-predsednice-djilasove-stranke-u-jagodini-zbog-laznog-prijavljivanja-obijanja-stana","status":"publish","type":"post","link":"https:\/\/centralmedia.rs\/index.php\/2021\/05\/11\/palma-tuzio-sina-predsednice-djilasove-stranke-u-jagodini-zbog-laznog-prijavljivanja-obijanja-stana\/","title":{"rendered":"PALMA TU\u017dIO SINA PREDSEDNICE DJILASOVE STRANKE U JAGODINI ZBOG LA\u017dNOG PRIJAVLJIVANJA OBIJANJA STANA"},"content":{"rendered":"<p>JAGODINA-Dragan Markovi\u0107 Palma, predsednik Jedinstvene Srbije, narodni poslanik i predsednik Skup\u0161tine grada Jagodine, saop\u0161tio je danas da je podneo tu\u017ebu nadle\u017enom tu\u017eila\u0161tvu protiv sina Katarine Joki\u0107, predsednice \u0110ilasove stranke u Jagodini, zbog la\u017enog prijavljivanja.<\/p>\n<p>-Naime, on je Policijskoj upravi u Jagodini 1. maja prijavio obijanje stana. Policija je odmah iza\u0161la na lice mesta kako bi utvrdila \u010dinjenice i okolnosti. Na licu mesta policija je zatekla zaklju\u010dana vrata, koja je otklju\u010dao sin Katarine Joki\u0107 koji je obijanje i prijavio. Kriminalisti\u010dko &#8211; tehni\u010dkim pregledom vrata nisu uo\u010deni tragovi obijanja. Sin Katarine Joki\u0107 je rekao da je u stanu sve kako je bilo. Drugim re\u010dima, nikakvog obijanja stana nije bilo.\u00a0Me\u0111utim, Katarina Joki\u0107 i Marinika Tepi\u0107 su odmah putem dru\u0161tvenih mre\u017ea i medija plasirale vest kako se vr\u0161i pritisak na \u010dlanove \u0110ilasove stranke u Jagodini, kako je obijen stan Katarine Joki\u0107. Niti je bilo obijanja stana, niti je stan Katarine Joki\u0107, ve\u0107 njene majke, navodi se u Markovi\u0107evom saop\u0161tenju za javnost.<\/p>\n<p>U saop\u0161tenju stoji da ,,po staroj uobi\u010dajenoj navici Marinika Tepi\u0107 u javnost plasira svoje la\u017ei\u201d.<\/p>\n<p>&#8211; Na taj na\u010din je po ko zna koji put poku\u0161ala da oblati Dragana Markovi\u0107a Palmu govore\u0107i kako se vr\u0161i pritisak na svedoke i zastra\u0161ivanje. Ovo je samo jo\u0161 jedna u nizu la\u017ei Marinike Tepi\u0107 i zato je Markovi\u0107 danas podneo krivi\u010dnu prijavu nadle\u017enom tu\u017eila\u0161tvu za la\u017eno prijavljivanje. Da podsetimo, Marinika Tepi\u0107 je prvo slagala, na skandaloznoj konferenciji za \u0161tampu koju je organizovala, da je njen la\u017eni svedok, insajder, radio za Markovi\u0107a u njegovom hotelu. Niti je radio za Palmu, niti je pomenuti hotel Palmin, a ispostavilo se da je la\u017eni svedok funkcioner \u0110ilasove stranke i kriminalac koji je vi\u0161e puta hap\u0161en i osu\u0111ivan. Slagala je i da se \u017eene u Jagodini zapo\u0161ljavaju tako \u0161to dobiju telefon za dru\u017eenje za \u0161ta su je tu\u017eile 393 \u017eene. Podr\u017eala je la\u017ei Sande Ra\u0161kovi\u0107 Ivi\u0107 i Mi\u0107e Jovanovi\u0107a, tako\u0111e. Ovakvom maniru laganja radi sticanja politi\u010dkih poena i bla\u0107enja neistomi\u0161ljenika mora se jednom za svagda stati na put i zato je i za ovaj slu\u010daj podneta krivi\u010dna prijava za la\u017eno prijavljivanje, zaklju\u010duje se u saop\u0161tenju Markovi\u0107a.<\/p>\n<p>Na dru\u0161tvnim mre\u017eama reagovala je Katarina Joki\u0107.<\/p>\n<p>-Markovi\u0107 Palma, upravo prelazi sve mogu\u0107e linije normalnog. Ho\u0107e li da tu\u017ei i moju tetku, majku, prijatelje? U kom delu izjave mog sina se ta\u010dno na\u0161ao prozvanim? Ko se osmelio da iskaz mog sina da u ruke Markovi\u0107u?, napisala je ona.<\/p>\n<p>Tim povodom se oglsila i Marinika Tepi\u0107<\/p>\n<p>\u201eNiko nije imenom prozivao Palmu da je obio Katarininu bravu, ali pre toga nikada joj se to nije desilo\u2026 Sigurno se brava nije obila sama, a gle \u010duda, to se de\u0161ava ba\u0161 u sred svega ovoga\u2026 To jeste pritisak i na Katarinu i na njenu porodicu, jer je on podneo prijavu protiv njenog sina. Nema te sile koja \u0107e da nas zaustavi, ali kada vam decu napadaju, svako je ranjiv\u2026 Nisam bila ispred tih vrata, nisam videla obijanje, ali imam osnovanu sumnju da je neko iz miljea oko Palme obio bravu da zastra\u0161i Katarinu\u201c, smatra Tepi\u0107, povodom Markovi\u0107eve tu\u017ebe protiv sina Joki\u0107eve, zbog, kako je naveo, la\u017enog prijavljivanja obijanja stana.<\/p>\n<p>&nbsp;<\/p>\n","protected":false},"excerpt":{"rendered":"<p>JAGODINA-Dragan Markovi\u0107 Palma, predsednik Jedinstvene Srbije, narodni poslanik i predsednik Skup\u0161tine grada Jagodine, saop\u0161tio je danas da je podneo tu\u017ebu nadle\u017enom tu\u017eila\u0161tvu protiv sina Katarine &hellip; <\/p>\n","protected":false},"author":2,"featured_media":26655,"comment_status":"open","ping_status":"open","sticky":false,"template":"","format":"standard","meta":{"footnotes":""},"categories":[1524,2,5643,1514,13,887,12],"tags":[5076,5128,120,3147],"_links":{"self":[{"href":"https:\/\/centralmedia.rs\/index.php\/wp-json\/wp\/v2\/posts\/26798"}],"collection":[{"href":"https:\/\/centralmedia.rs\/index.php\/wp-json\/wp\/v2\/posts"}],"about":[{"href":"https:\/\/centralmedia.rs\/index.php\/wp-json\/wp\/v2\/types\/post"}],"author":[{"embeddable":true,"href":"https:\/\/centralmedia.rs\/index.php\/wp-json\/wp\/v2\/users\/2"}],"replies":[{"embeddable":true,"href":"https:\/\/centralmedia.rs\/index.php\/wp-json\/wp\/v2\/comments?post=26798"}],"version-history":[{"count":5,"href":"https:\/\/centralmedia.rs\/index.php\/wp-json\/wp\/v2\/posts\/26798\/revisions"}],"predecessor-version":[{"id":26807,"href":"https:\/\/centralmedia.rs\/index.php\/wp-json\/wp\/v2\/posts\/26798\/revisions\/26807"}],"wp:featuredmedia":[{"embeddable":true,"href":"https:\/\/centralmedia.rs\/index.php\/wp-json\/wp\/v2\/media\/26655"}],"wp:attachment":[{"href":"https:\/\/centralmedia.rs\/index.php\/wp-json\/wp\/v2\/media?parent=26798"}],"wp:term":[{"taxonomy":"category","embeddable":true,"href":"https:\/\/centralmedia.rs\/index.php\/wp-json\/wp\/v2\/categories?post=26798"},{"taxonomy":"post_tag","embeddable":true,"href":"https:\/\/centralmedia.rs\/index.php\/wp-json\/wp\/v2\/tags?post=26798"}],"curies":[{"name":"wp","href":"https:\/\/api.w.org\/{rel}","templated":true}]}}