{"id":26801,"date":"2021-05-11T19:03:20","date_gmt":"2021-05-11T17:03:20","guid":{"rendered":"http:\/\/centralmedia.rs\/?p=26801"},"modified":"2022-01-04T18:34:53","modified_gmt":"2022-01-04T17:34:53","slug":"svedok-protiv-palme-bice-ispitan-u-svojstvu-gradanina","status":"publish","type":"post","link":"https:\/\/centralmedia.rs\/index.php\/2021\/05\/11\/svedok-protiv-palme-bice-ispitan-u-svojstvu-gradanina\/","title":{"rendered":"TU\u017dILA\u0160TVO U KRALJEVU: Svedok protiv Palme bi\u0107e ispitan u svojstvu gra\u0111anina"},"content":{"rendered":"<p>JAGODINA- Osoba, koja je javnosti predstavljena kao svedok koji predsednika skup\u0161tine op\u0161tine Jagodina Dragana Markovi\u0107a Palmu tereti za podvo\u0111enje \u017eena i devojaka u tom gradu, bi\u0107e ispitana u policiji u svojstvu gra\u0111ana, a ne svedoka, ka\u017eu za Tanjug u Vi\u0161em javnom tu\u017eila\u0161tvu u Kraljevu.<\/p>\n<p>Tako\u0111e ukazuju da tom tu\u017eila\u0161tvu nije dostavljen zahtev da se pomenuto lice saslu\u0161a u Policijskoj upravi u Beogradu, umesto u policiji u Jagodini.<\/p>\n<p>Iz tu\u017eila\u0161tva isti\u010du da \u0107e to lice, \u010diji identitet nije poznat javnosti, biti ispitano u svojstvu gra\u0111anina po pozivu koji upu\u0107uje nadle\u017ena Policijska uprava.<\/p>\n<p>&#8220;Shodno navedenom, lice se ne ispituje u svojstvu svedoka ve\u0107 u svojstvu gra\u0111ana od koga ce policijski slu\u017ebenici prikupiti potrebna obave\u0161tenja i sa\u010diniti slu\u017ebenu bele\u0161ku&#8221;, nagla\u0161eno je iz kraljeva\u010dkog Vi\u0161eg tu\u017eila\u0161tva koje vodi ovaj predmet.<\/p>\n<p>Pojedini mediji preneli su ju\u010de svoja saznanja da je tu\u017eila\u0161tvo u Kraljevu usvojilo zahtev ovog lica da iz razloga bezbednosti iskaz da policiji u Beogradu, a ne u Jagodini.<\/p>\n<p>S obizrom da ima svojstvo gra\u0111anina, a ne svedoka, ova osoba ne mo\u017ee da dobije status posebno osetljivog svedoka, kao to zagovara potpredsednica Stranke slobode i pravde Marinika Tepi\u0107.<\/p>\n<p>Ona je pokrenula ovaj slu\u010daj, kada je na konferenciji za novinare 19. aprila u Jagodini iznela tvrdnje protiv Markovi\u0107a za podvo\u0111enje \u017eena i devojaka u tom gradu.<\/p>\n<p>Vi\u0161e javno tu\u017eila\u0161tvo u Jagodini je par dana kasnije pokrenulo postupak i nalo\u017eilo policiji da prikupi infomacije i obave\u0161tenja o navodima Marinike Tepi\u0107 i da ispita sve osobe pomenute u tom slu\u010daju.<\/p>\n<p>Me\u0111utim, po odluci Apelacionog javnog tu\u017eila\u0161tva u Kragujevcu predmet je izme\u0161ten je iz Vi\u0161eg javnog tu\u017eila\u0161tva u Jagodini u Vi\u0161e javno tu\u017eila\u0161tvo u Kraljevu.<\/p>\n<p>Ovu odluku tu\u017eila\u0161tvo u Kragujevcu je donelo odlu\u010duju\u0107i po predlogu za supstituciju Vi\u0161eg javnog tu\u017eila\u0161tva u Jagodini.<\/p>\n<p>Markovi\u0107 je na navode Tepi\u0107ke odgovorio tu\u017ebama, a isto su uradile i 393 \u017eene zaposlene u gradskoj upravi u Jagodini.<\/p>\n","protected":false},"excerpt":{"rendered":"<p>JAGODINA- Osoba, koja je javnosti predstavljena kao svedok koji predsednika skup\u0161tine op\u0161tine Jagodina Dragana Markovi\u0107a Palmu tereti za podvo\u0111enje \u017eena i devojaka u tom gradu, &hellip; <\/p>\n","protected":false},"author":2,"featured_media":26605,"comment_status":"open","ping_status":"open","sticky":false,"template":"","format":"standard","meta":{"footnotes":""},"categories":[1524,2,5643,1514,13,887,12],"tags":[5129,58,1509,120,5112,5081,5077],"_links":{"self":[{"href":"https:\/\/centralmedia.rs\/index.php\/wp-json\/wp\/v2\/posts\/26801"}],"collection":[{"href":"https:\/\/centralmedia.rs\/index.php\/wp-json\/wp\/v2\/posts"}],"about":[{"href":"https:\/\/centralmedia.rs\/index.php\/wp-json\/wp\/v2\/types\/post"}],"author":[{"embeddable":true,"href":"https:\/\/centralmedia.rs\/index.php\/wp-json\/wp\/v2\/users\/2"}],"replies":[{"embeddable":true,"href":"https:\/\/centralmedia.rs\/index.php\/wp-json\/wp\/v2\/comments?post=26801"}],"version-history":[{"count":3,"href":"https:\/\/centralmedia.rs\/index.php\/wp-json\/wp\/v2\/posts\/26801\/revisions"}],"predecessor-version":[{"id":26804,"href":"https:\/\/centralmedia.rs\/index.php\/wp-json\/wp\/v2\/posts\/26801\/revisions\/26804"}],"wp:featuredmedia":[{"embeddable":true,"href":"https:\/\/centralmedia.rs\/index.php\/wp-json\/wp\/v2\/media\/26605"}],"wp:attachment":[{"href":"https:\/\/centralmedia.rs\/index.php\/wp-json\/wp\/v2\/media?parent=26801"}],"wp:term":[{"taxonomy":"category","embeddable":true,"href":"https:\/\/centralmedia.rs\/index.php\/wp-json\/wp\/v2\/categories?post=26801"},{"taxonomy":"post_tag","embeddable":true,"href":"https:\/\/centralmedia.rs\/index.php\/wp-json\/wp\/v2\/tags?post=26801"}],"curies":[{"name":"wp","href":"https:\/\/api.w.org\/{rel}","templated":true}]}}