{"id":26811,"date":"2021-05-12T14:06:57","date_gmt":"2021-05-12T12:06:57","guid":{"rendered":"http:\/\/centralmedia.rs\/?p=26811"},"modified":"2021-05-14T17:07:58","modified_gmt":"2021-05-14T15:07:58","slug":"srebrni-znak-za-medicinske-sestre-i-tehnicare-foto","status":"publish","type":"post","link":"https:\/\/centralmedia.rs\/index.php\/2021\/05\/12\/srebrni-znak-za-medicinske-sestre-i-tehnicare-foto\/","title":{"rendered":"Srebrni znak za medicinske sestre i tehni\u010dare (FOTO)"},"content":{"rendered":"<p>\u0106UPRIJA- U Op\u0161toj bolnici u \u0106upriji obele\u017een Me\u0111unarodni dan medicinskih sestara. Tim povodom, odlukom Komisije za nagrade, odlu\u010deno je da Srebrnim znakom\u00a0 resornog Saveza bude nagra\u0111eno pet medicinskih sestra i zdravstvenih tehni\u010dara \u010dlanova UZR \u0106uprija za izuzetan dosprinos u razvoju i aktivnosti profesionalne asocijacije. NAgra\u0111eni su \u017daklina Nedeljkovi\u0107 vi\u0161a medicinska setra Glavna sestra infektivnog odeljenja OB \u0106uprija, Ivana Ljubisavljevi\u0107 strukovna medicinska sestra Kovid ambulanta Doma zdravlja \u0106uprija,Ivan Jovanovi\u0107 medicinski tehni\u010dar Dijaliza OB \u0106uprija, Dini\u0107 Danijela strukovna medicinska sestra Glavna sestra ambulante kardiologije OB \u0106uprija i Brankica Simonovi\u0107 laboratorijski tehni\u010dar Centralna laboratorija OB \u0106uprija.<\/p>\n<div id='gallery-1' class='gallery galleryid-26811 gallery-columns-7 gallery-size-thumbnail'><figure class='gallery-item'>\n\t\t\t<div class='gallery-icon portrait'>\n\t\t\t\t<a href='https:\/\/centralmedia.rs\/index.php\/2021\/05\/12\/srebrni-znak-za-medicinske-sestre-i-tehnicare-foto\/medicinske-sestre\/'><img loading=\"lazy\" decoding=\"async\" width=\"150\" height=\"150\" src=\"https:\/\/centralmedia.rs\/wp-content\/uploads\/2021\/05\/medicinske-sestre-150x150.jpg\" class=\"attachment-thumbnail size-thumbnail\" alt=\"\" \/><\/a>\n\t\t\t<\/div><\/figure><figure class='gallery-item'>\n\t\t\t<div class='gallery-icon portrait'>\n\t\t\t\t<a href='https:\/\/centralmedia.rs\/index.php\/2021\/05\/12\/srebrni-znak-za-medicinske-sestre-i-tehnicare-foto\/medicinske-sestre1\/'><img loading=\"lazy\" decoding=\"async\" width=\"150\" height=\"150\" src=\"https:\/\/centralmedia.rs\/wp-content\/uploads\/2021\/05\/medicinske-sestre1-150x150.jpg\" class=\"attachment-thumbnail size-thumbnail\" alt=\"\" \/><\/a>\n\t\t\t<\/div><\/figure><figure class='gallery-item'>\n\t\t\t<div class='gallery-icon landscape'>\n\t\t\t\t<a href='https:\/\/centralmedia.rs\/index.php\/2021\/05\/12\/srebrni-znak-za-medicinske-sestre-i-tehnicare-foto\/medicinske-sestre2\/'><img loading=\"lazy\" decoding=\"async\" width=\"150\" height=\"150\" src=\"https:\/\/centralmedia.rs\/wp-content\/uploads\/2021\/05\/medicinske-sestre2-150x150.jpg\" class=\"attachment-thumbnail size-thumbnail\" alt=\"\" \/><\/a>\n\t\t\t<\/div><\/figure><figure class='gallery-item'>\n\t\t\t<div class='gallery-icon landscape'>\n\t\t\t\t<a href='https:\/\/centralmedia.rs\/index.php\/2021\/05\/12\/srebrni-znak-za-medicinske-sestre-i-tehnicare-foto\/nagrade-6\/'><img loading=\"lazy\" decoding=\"async\" width=\"150\" height=\"150\" src=\"https:\/\/centralmedia.rs\/wp-content\/uploads\/2021\/05\/nagrade-150x150.jpg\" class=\"attachment-thumbnail size-thumbnail\" alt=\"\" \/><\/a>\n\t\t\t<\/div><\/figure><figure class='gallery-item'>\n\t\t\t<div class='gallery-icon portrait'>\n\t\t\t\t<a href='https:\/\/centralmedia.rs\/index.php\/2021\/05\/12\/srebrni-znak-za-medicinske-sestre-i-tehnicare-foto\/nagradjeni1-2\/'><img loading=\"lazy\" decoding=\"async\" width=\"150\" height=\"150\" src=\"https:\/\/centralmedia.rs\/wp-content\/uploads\/2021\/05\/nagradjeni1-150x150.jpg\" class=\"attachment-thumbnail size-thumbnail\" alt=\"\" \/><\/a>\n\t\t\t<\/div><\/figure><figure class='gallery-item'>\n\t\t\t<div class='gallery-icon portrait'>\n\t\t\t\t<a href='https:\/\/centralmedia.rs\/index.php\/2021\/05\/12\/srebrni-znak-za-medicinske-sestre-i-tehnicare-foto\/tehnicar\/'><img loading=\"lazy\" decoding=\"async\" width=\"150\" height=\"150\" src=\"https:\/\/centralmedia.rs\/wp-content\/uploads\/2021\/05\/tehnicar-150x150.jpg\" class=\"attachment-thumbnail size-thumbnail\" alt=\"\" \/><\/a>\n\t\t\t<\/div><\/figure><figure class='gallery-item'>\n\t\t\t<div class='gallery-icon landscape'>\n\t\t\t\t<a href='https:\/\/centralmedia.rs\/index.php\/2021\/05\/12\/srebrni-znak-za-medicinske-sestre-i-tehnicare-foto\/nagradjeni-12\/'><img loading=\"lazy\" decoding=\"async\" width=\"150\" height=\"150\" src=\"https:\/\/centralmedia.rs\/wp-content\/uploads\/2021\/05\/nagradjeni-150x150.jpg\" class=\"attachment-thumbnail size-thumbnail\" alt=\"\" \/><\/a>\n\t\t\t<\/div><\/figure>\n\t\t<\/div>\n\n<p>-Me\u0111unarodni dan medicinskih sestara, 12. maj, svake godine obele\u017eava se i tradicionalno proslavl\u0458a \u0161irom sveta, na godi\u0161njicu ro\u0111enja Florence Nightingale, britanske medicinske sestre, za\u010detnice modernog sestrinstva, kao priznate profesije. ICN nagla\u0161ava da je ova godina od posebnog zna\u010daja za profesiju medicinskih sestara . Na prvim linijama borbe protiv Pandemije Covid 19,medicinske sestre i zdravstveni radnici \u0161irom sveta suo\u010davaju se sa porodu\u017eenim radnim vremenom, odvajanjem od porodice,psiholo\u0161kim smetnjama,sindrom izgaranja i posttraumatski stresnom. Medicinske sestre imaju klju\u010dnu ulogu u promociji zdravlja, prevenciji bolesti i pru\u017eanju zdravstvene nege. Zdravstvena nega \u010dini najve\u0107i deo zdravstvene za\u0161tite u svetu , a medicinske sestre i tehni\u010dari su kl\u0458u\u010d za postizanje razvojnih cil\u0458eva savremene nege. Danas na svetskom nivou postoji nedostatak svih profila zdravstvenih radnika, a vi\u0161e od 60 odsto trenutnog nedostatka zdravstvenih radnika \u010dine medicinske sestre i tehni\u010dari. Svetska zdravstvena organizacija je proglasila 2021. godinu Me\u0111unarodnom godinom zdravstvenih radnika. Pod temom Za\u0161titi, Investiraj,Zajedno! U zdravstvenom sistemu Srbije treba raditi na izradi Zakona o sestrinstvu i zdravstvenoj nezi, posebno na izradi Pravilnika koji defini\u0161e standarde i normative usluga koje pru\u017eaju medicinske sestre i babice, izradi protokola i procedure za odre\u0111ene usluge koje pru\u017eaju medicinske sestre i babice. Posebnu pa\u017enju treba posvetiti standardima formalnog i neformalnog obrazovanja za medicinske sestre i babice u Srbiji. Razli\u010ditosti trebamo po\u0161tovati. Uva\u017eavajmo jedni druge postuju\u0107i razli\u010dita mi\u0161ljenja i stavove, \u0161tite\u0107i pre svega svoju profesiju i esnaf. \u017delim da verujem u obrazovnu budu\u0107nost u sestrinstvu. Ho\u0107emo i mo\u017eemo bolje.Snagom re\u010di ,gde je saradnja izbor svih po\u0161tuju\u0107i razli\u010ditosti i mi\u0161ljenja drugih sa jednom jedinom \u017eeljom da unapredimo razvoj sestrinske profesije u zdravstvenom sistemu. Samo od nas zavisi. Ovog 12.maja usled novonastale situacije, suo\u010deni sa pandemijom korona virusa, na prvoj liniji odbrane, medicinske sestre \u0161irom sveta obele\u017ei\u0107e ovaj dan bez organizovanih akademija i edukativnih sastanaka, skromno u okviru svojih zdravstvenih ustanova ,kao \u0161to to i danas \u010dinimo. Ovim putem u ime Saveza udru\u017eenja zdravstvenih radnika Srbije na\u0161e predsednice Saveza Radmile Ne\u0161i\u0107 i u svoje li\u010dno ime izrazavam veliku zahvalnost menad\u017ementu OB \u0106uprija kao doma\u0107inu na\u0161e dana\u0161nje sve\u010danosti, kazala u svom izlaganju predsednica UZR \u0106uprija Dipl.med.sestra Danijela Radoi\u010di\u0107.<\/p>\n","protected":false},"excerpt":{"rendered":"<p>\u0106UPRIJA- U Op\u0161toj bolnici u \u0106upriji obele\u017een Me\u0111unarodni dan medicinskih sestara. Tim povodom, odlukom Komisije za nagrade, odlu\u010deno je da Srebrnim znakom\u00a0 resornog Saveza bude &hellip; <\/p>\n","protected":false},"author":2,"featured_media":26812,"comment_status":"open","ping_status":"open","sticky":false,"template":"","format":"standard","meta":{"footnotes":""},"categories":[1515,28,1524,2,12],"tags":[135,44,228,5130,5132,5131],"_links":{"self":[{"href":"https:\/\/centralmedia.rs\/index.php\/wp-json\/wp\/v2\/posts\/26811"}],"collection":[{"href":"https:\/\/centralmedia.rs\/index.php\/wp-json\/wp\/v2\/posts"}],"about":[{"href":"https:\/\/centralmedia.rs\/index.php\/wp-json\/wp\/v2\/types\/post"}],"author":[{"embeddable":true,"href":"https:\/\/centralmedia.rs\/index.php\/wp-json\/wp\/v2\/users\/2"}],"replies":[{"embeddable":true,"href":"https:\/\/centralmedia.rs\/index.php\/wp-json\/wp\/v2\/comments?post=26811"}],"version-history":[{"count":1,"href":"https:\/\/centralmedia.rs\/index.php\/wp-json\/wp\/v2\/posts\/26811\/revisions"}],"predecessor-version":[{"id":26820,"href":"https:\/\/centralmedia.rs\/index.php\/wp-json\/wp\/v2\/posts\/26811\/revisions\/26820"}],"wp:featuredmedia":[{"embeddable":true,"href":"https:\/\/centralmedia.rs\/index.php\/wp-json\/wp\/v2\/media\/26812"}],"wp:attachment":[{"href":"https:\/\/centralmedia.rs\/index.php\/wp-json\/wp\/v2\/media?parent=26811"}],"wp:term":[{"taxonomy":"category","embeddable":true,"href":"https:\/\/centralmedia.rs\/index.php\/wp-json\/wp\/v2\/categories?post=26811"},{"taxonomy":"post_tag","embeddable":true,"href":"https:\/\/centralmedia.rs\/index.php\/wp-json\/wp\/v2\/tags?post=26811"}],"curies":[{"name":"wp","href":"https:\/\/api.w.org\/{rel}","templated":true}]}}