{"id":26828,"date":"2021-05-12T16:17:23","date_gmt":"2021-05-12T14:17:23","guid":{"rendered":"http:\/\/centralmedia.rs\/?p=26828"},"modified":"2022-01-04T18:34:28","modified_gmt":"2022-01-04T17:34:28","slug":"biserka-jakovljevic-direktorka-centra-za-socijalni-rad-u-jagodini-ne-lazi-vise-zeno-sram-te-bilo-nista-ti-nije-sveto","status":"publish","type":"post","link":"https:\/\/centralmedia.rs\/index.php\/2021\/05\/12\/biserka-jakovljevic-direktorka-centra-za-socijalni-rad-u-jagodini-ne-lazi-vise-zeno-sram-te-bilo-nista-ti-nije-sveto\/","title":{"rendered":"BISERKA JAKOVLJEVI\u0106 DIREKTORKA CENTRA ZA SOCIJALNI RAD U JAGODINI: NE LA\u017dI VI\u0160E \u017dENO, SRAM TE BILO, NI\u0160TA TI NIJE SVETO"},"content":{"rendered":"<p>JAGODINA-Marinika Tepi\u0107, \u017eena kojoj ni\u0161ta nije sveto, prvo je rekla da su sve \u017eene zaposlene u javnom sektoru u Jagodini lakog morala i tako nas sve najte\u017ee uvredila. Sada je na konferenciji za novinare iskoristila moju privatnu situaciju, gde mi je jedna \u017eena iz opozicione grupe gra\u0111ana pretila da \u0107e na dru\u0161tvene mre\u017ee postaviti neprikladne slike moje maloletne \u0107erke. Odmah sam to prijavila policiji, koja je odmah obavestila Tu\u017eila\u0161tvo za visoko tehnolo\u0161ki kriminal, koje je odmah reagovalo, tu \u017eenu pritvorilo a njen telefon oduzelo, stoji u saop\u0161tenju Biserke Jakovljevi\u0107 direktorke Centra za socijalni rad u Jagodini.<\/p>\n<p>-Ta zla \u017eena, Marinika Tepi\u0107, taj podmukli la\u017eov iskoristila je danas moj privatni problem i moju li\u010dnu situaciju sa tom \u017eenom da bi nastavila svoj politi\u010dki lin\u010d prema Draganu Markovi\u0107u Palmi. Ta \u017eena \u010diji je telefon oduzet nije Palmina saradnica, ve\u0107 je na izborima bila u opozicionoj grupi gra\u0111ana, tako da je to jo\u0161 jedna u nizu la\u017ei da je telefon u vlasni\u0161tvu najbli\u017ee Palmine saradnice, navodi ona.<\/p>\n<p>-Marinika Tepi\u0107 koja se predstavlja kao borac protiv pedofilije danas je zloupotrebila upravo moju maloletnu \u0107erku u politi\u010dke svrhe, a da ni jednog trenutka nije pomislila na to kako \u0107e se izno\u0161enje u javnost te situacije odraziti na moje dete. Marinika Tepi\u0107 je \u017eena koja bi i po mrtvima gazila samo da do\u0111e do svog cilja. Sram te bilo \u017eeno, ne la\u017ei vi\u0161e gra\u0111ane Srbije, izjavila je direktorka Centra za socijalni rad grada Jagodine Biserka Jakovljevi\u0107.<\/p>\n<blockquote>\n<h3>INSAJDER &#8211; Tu\u017eila\u0161tvo \u00a0o slu\u010daju \u201ePalma\u201d: Do sada saslu\u0161ano 21 lice u svojstvu gra\u0111ana<\/h3>\n<h3>Vi\u0161e tu\u017eila\u0161tvo u Kraljevu, koje sprovodi postupak povodom navoda o podvo\u0111enju \u017eena u organizaciji Dragana Markovi\u0107a Palme, u odgovoru Insajderu navodi da je do sada u u ovom postupku u svojstvu gra\u0111ana ispitano 21 lice. Ne dostavljaju odgovor na pitanje od kojih policijskih uprava su zatra\u017eili prikupljanje obave\u0161tenja u ovom slu\u010daju obrazla\u017eu\u0107i to \u201einteresom lica koja se ispituju u svojstvu gra\u0111ana\u201d.<\/h3>\n<\/blockquote>\n<p>Biserka Jakovljevi\u0107 je reagovala na dana\u0161nju izjavu potpredsednica SSP Marinike Tepi\u0107 koja je pitala ,,da li su tu\u017eila\u0161tvu dostavljeni dokazi iz mobilnog telefona najbli\u017eeg Palminog saradnika koji je policija zaplenila pre nekog vremena, a na kome se nalaze fotografije i snimci nagih i maloletnih devoj\u010dica. Da stvar bude gora, radi se o maloletnim \u0107erkama Palminih najbli\u017eih saradnika koji se u ovom momentu nalaze na najvi\u0161im javnim funkcijama u Jagodini&#8221;.<\/p>\n<p>Ona je navela da \u0107e svoj iskaz dati Tu\u017eila\u0161tvu u Kraljevu u petak u 11 \u010dasova, te potvrdila da je ,,jedan od svedoka podneo i krivi\u010dnu prijavu protiv Dragana Markovi\u0107a Palme zato \u0161to je neovla\u0161\u0107eno otkrio njegov identitet.<\/p>\n<p>Foto: Facebook<\/p>\n","protected":false},"excerpt":{"rendered":"<p>JAGODINA-Marinika Tepi\u0107, \u017eena kojoj ni\u0161ta nije sveto, prvo je rekla da su sve \u017eene zaposlene u javnom sektoru u Jagodini lakog morala i tako nas &hellip; <\/p>\n","protected":false},"author":2,"featured_media":26829,"comment_status":"open","ping_status":"open","sticky":false,"template":"","format":"standard","meta":{"footnotes":""},"categories":[1524,2,1514,5643,13,887,12],"tags":[5134,58,5080,130,1046],"_links":{"self":[{"href":"https:\/\/centralmedia.rs\/index.php\/wp-json\/wp\/v2\/posts\/26828"}],"collection":[{"href":"https:\/\/centralmedia.rs\/index.php\/wp-json\/wp\/v2\/posts"}],"about":[{"href":"https:\/\/centralmedia.rs\/index.php\/wp-json\/wp\/v2\/types\/post"}],"author":[{"embeddable":true,"href":"https:\/\/centralmedia.rs\/index.php\/wp-json\/wp\/v2\/users\/2"}],"replies":[{"embeddable":true,"href":"https:\/\/centralmedia.rs\/index.php\/wp-json\/wp\/v2\/comments?post=26828"}],"version-history":[{"count":1,"href":"https:\/\/centralmedia.rs\/index.php\/wp-json\/wp\/v2\/posts\/26828\/revisions"}],"predecessor-version":[{"id":26830,"href":"https:\/\/centralmedia.rs\/index.php\/wp-json\/wp\/v2\/posts\/26828\/revisions\/26830"}],"wp:featuredmedia":[{"embeddable":true,"href":"https:\/\/centralmedia.rs\/index.php\/wp-json\/wp\/v2\/media\/26829"}],"wp:attachment":[{"href":"https:\/\/centralmedia.rs\/index.php\/wp-json\/wp\/v2\/media?parent=26828"}],"wp:term":[{"taxonomy":"category","embeddable":true,"href":"https:\/\/centralmedia.rs\/index.php\/wp-json\/wp\/v2\/categories?post=26828"},{"taxonomy":"post_tag","embeddable":true,"href":"https:\/\/centralmedia.rs\/index.php\/wp-json\/wp\/v2\/tags?post=26828"}],"curies":[{"name":"wp","href":"https:\/\/api.w.org\/{rel}","templated":true}]}}