{"id":2685,"date":"2016-04-12T21:42:17","date_gmt":"2016-04-12T21:42:17","guid":{"rendered":"http:\/\/centralmedia.rs\/?p=2685"},"modified":"2016-04-12T21:42:17","modified_gmt":"2016-04-12T21:42:17","slug":"seselj-zadovoljan-sa-84-poslanika","status":"publish","type":"post","link":"https:\/\/centralmedia.rs\/index.php\/2016\/04\/12\/seselj-zadovoljan-sa-84-poslanika\/","title":{"rendered":"\u0160E\u0160ELJ ZADOVOLJAN SA 84 POSLANIKA"},"content":{"rendered":"<p>JAGODINA-Predsednik Srpske radikalne stranke Vojislav \u0160e\u0161elj izjavio je u ve\u010deras u Jagodni da bi SRS bila zadovoljna kada bi osvojila 84 poslani\u010dka mandata, kako niko bez njihove saglasnosti ne bi mogao da promeni Ustav Srbije.<a href=\"https:\/\/centralmedia.rs\/wp-content\/uploads\/2016\/04\/seselj-jagodina-3-g.j..jpg\" rel=\"attachment wp-att-2687\"><img loading=\"lazy\" decoding=\"async\" src=\"https:\/\/centralmedia.rs\/wp-content\/uploads\/2016\/04\/seselj-jagodina-3-g.j.-271x300.jpg\" alt=\"seselj-jagodina 3-g.j.\" width=\"271\" height=\"300\" class=\"alignnone size-medium wp-image-2687\" srcset=\"https:\/\/centralmedia.rs\/wp-content\/uploads\/2016\/04\/seselj-jagodina-3-g.j.-271x300.jpg 271w, https:\/\/centralmedia.rs\/wp-content\/uploads\/2016\/04\/seselj-jagodina-3-g.j.-768x851.jpg 768w, https:\/\/centralmedia.rs\/wp-content\/uploads\/2016\/04\/seselj-jagodina-3-g.j..jpg 900w\" sizes=\"(max-width: 271px) 100vw, 271px\" \/><\/a><br \/>\n-Mo\u017eda na ovim izborima ne\u0107emo osvojiti vlast, ali \u017eelimo \u0161to vi\u0161e glasova, da budemo \u0161to mo\u0107niji u parlamentu, rekao je on na konvenciji SRS u sali Kulturnog centra u Jagodini koja je bila pretesna da primi sve koji su \u017eeleli da \u010duju njegov govor.<a href=\"https:\/\/centralmedia.rs\/wp-content\/uploads\/2016\/04\/radikali-1-jagodina-2-g.j..jpg\" rel=\"attachment wp-att-2688\"><img loading=\"lazy\" decoding=\"async\" src=\"https:\/\/centralmedia.rs\/wp-content\/uploads\/2016\/04\/radikali-1-jagodina-2-g.j.-300x132.jpg\" alt=\"radikali 1-jagodina 2-g.j.\" width=\"300\" height=\"132\" class=\"alignnone size-medium wp-image-2688\" srcset=\"https:\/\/centralmedia.rs\/wp-content\/uploads\/2016\/04\/radikali-1-jagodina-2-g.j.-300x132.jpg 300w, https:\/\/centralmedia.rs\/wp-content\/uploads\/2016\/04\/radikali-1-jagodina-2-g.j.-768x337.jpg 768w, https:\/\/centralmedia.rs\/wp-content\/uploads\/2016\/04\/radikali-1-jagodina-2-g.j.-1024x449.jpg 1024w, https:\/\/centralmedia.rs\/wp-content\/uploads\/2016\/04\/radikali-1-jagodina-2-g.j..jpg 1367w\" sizes=\"(max-width: 300px) 100vw, 300px\" \/><\/a><br \/>\n\tLider SRS se zala\u017ee za vojni savez Srbije I Rusije, kako bi Srbija mogla da se odbrani od svake opasnosti.<br \/>\n-Tada bi za Rusiju odbrana Srbije bila isto \u0161to i odbrana Rusije. \u017delimo status Belorusije, koja ima besplatno oru\u017eje, sa\u010duvala je svoju vojsku, politi\u010dki sistem i nezavisnost , zaklju\u010dio je \u0160e\u0161elj.<\/p>\n","protected":false},"excerpt":{"rendered":"<p>JAGODINA-Predsednik Srpske radikalne stranke Vojislav \u0160e\u0161elj izjavio je u ve\u010deras u Jagodni da bi SRS bila zadovoljna kada bi osvojila 84 poslani\u010dka mandata, kako niko &hellip; <\/p>\n","protected":false},"author":4,"featured_media":2686,"comment_status":"open","ping_status":"open","sticky":false,"template":"","format":"standard","meta":{"footnotes":""},"categories":[2,13,12],"tags":[58,696,695],"_links":{"self":[{"href":"https:\/\/centralmedia.rs\/index.php\/wp-json\/wp\/v2\/posts\/2685"}],"collection":[{"href":"https:\/\/centralmedia.rs\/index.php\/wp-json\/wp\/v2\/posts"}],"about":[{"href":"https:\/\/centralmedia.rs\/index.php\/wp-json\/wp\/v2\/types\/post"}],"author":[{"embeddable":true,"href":"https:\/\/centralmedia.rs\/index.php\/wp-json\/wp\/v2\/users\/4"}],"replies":[{"embeddable":true,"href":"https:\/\/centralmedia.rs\/index.php\/wp-json\/wp\/v2\/comments?post=2685"}],"version-history":[{"count":0,"href":"https:\/\/centralmedia.rs\/index.php\/wp-json\/wp\/v2\/posts\/2685\/revisions"}],"wp:featuredmedia":[{"embeddable":true,"href":"https:\/\/centralmedia.rs\/index.php\/wp-json\/wp\/v2\/media\/2686"}],"wp:attachment":[{"href":"https:\/\/centralmedia.rs\/index.php\/wp-json\/wp\/v2\/media?parent=2685"}],"wp:term":[{"taxonomy":"category","embeddable":true,"href":"https:\/\/centralmedia.rs\/index.php\/wp-json\/wp\/v2\/categories?post=2685"},{"taxonomy":"post_tag","embeddable":true,"href":"https:\/\/centralmedia.rs\/index.php\/wp-json\/wp\/v2\/tags?post=2685"}],"curies":[{"name":"wp","href":"https:\/\/api.w.org\/{rel}","templated":true}]}}