{"id":26866,"date":"2021-05-13T18:01:47","date_gmt":"2021-05-13T16:01:47","guid":{"rendered":"http:\/\/centralmedia.rs\/?p=26866"},"modified":"2022-01-04T18:33:50","modified_gmt":"2022-01-04T17:33:50","slug":"tuzilastvo-u-predistraznom-postupku-u-slucaju-palma-ispitana-21-osoba","status":"publish","type":"post","link":"https:\/\/centralmedia.rs\/index.php\/2021\/05\/13\/tuzilastvo-u-predistraznom-postupku-u-slucaju-palma-ispitana-21-osoba\/","title":{"rendered":"Tu\u017eila\u0161tvo: U predistra\u017enom postupku u slu\u010daju &#8220;Palma&#8221; ispitana 21 osoba"},"content":{"rendered":"<p>JAGODINA-U predistra\u017enom postupku koji se vodi povodom navoda potpredsednice Stranke slobode i pravde Marinike Tepi\u0107 da je predsednik skup\u0161tine op\u0161tine Jagodina Dragan Markovi\u0107 Palma podvodio devojke i maloletnice iz tog grada, do sada je ispitana 21 osoba.<\/p>\n<p>Te osobe su ispitane u svojstvu gra\u0111anina, po zahtevu za prikupljanje potrebnih obave\u0161tenja Vi\u0161eg javnog tu\u017eila\u0161tva u Jagodini i Vi\u0161eg javnog tu\u017eila\u0161tva u Kraljevu, ka\u017eu za\u00a0Tanjug\u00a0u kraljeva\u010dkom tu\u017eila\u0161tvu.<\/p>\n<p>Dodaju da od toka predistra\u017enog postupka i prikupljenih obave\u0161tenja zavisi koliko \u0107e ukupno osoba biti ispitano u tom svojstvu.<\/p>\n<p>&#8220;U cilju interesa za\u0161tite postupka, vode\u0107i ra\u010duna o za\u0161titi privatnosti u\u010desnika postupka, u ovoj fazi ne mo\u017eemo davati bilo kakav komentar u vezi toga koja su lica ispitana, kada i gde, kao i da li eventualno posedujemo neke materijalne dokaze&#8221;, navelo je Vi\u0161e javno tu\u017eila\u0161tvo u Kraljevu.<\/p>\n<p>Po\u0161to je postupak u predistra\u017enoj fazi, ovde jo\u0161 uvek nema osumnji\u010denih, o\u0161te\u0107enih, niti svedoka u formalnom smislu. Svi su gra\u0111ani koji u tom svojstvu iznose svoja saznanja o pomenutim doga\u0111ajima.<\/p>\n<p>Po okon\u010danju prikupljanja obave\u0161tenja, policija treba da sastavi izve\u0161taj i dostavi ga tu\u017eila\u0161tvu u Kraljevu koje \u0107e proceniti ima li elemenata nekog krivi\u010dnog dela koje se goni po slu\u017ebenoj du\u017enosti i da li i koga smatra za to odgovornim.<\/p>\n<p>Vi\u0161e javno tu\u017eila\u0161tvo u Kraljevu preuzelo je slu\u010daj Tepi\u0107 &#8211; Markovi\u0107 od Vi\u0161eg javnog tu\u017eila\u0161tva u Jagodini, po odluci Apelacionog javnog tu\u017eila\u0161tva u Kragujevcu.<\/p>\n<p>Tu odluku Apelaciono tu\u017eila\u0161tvo je donelo po predlogu za supstituciju Vi\u0161eg javnog tu\u017eila\u0161tva u Jagodini.<\/p>\n<p>&nbsp;<\/p>\n","protected":false},"excerpt":{"rendered":"<p>JAGODINA-U predistra\u017enom postupku koji se vodi povodom navoda potpredsednice Stranke slobode i pravde Marinike Tepi\u0107 da je predsednik skup\u0161tine op\u0161tine Jagodina Dragan Markovi\u0107 Palma podvodio &hellip; <\/p>\n","protected":false},"author":2,"featured_media":10244,"comment_status":"open","ping_status":"open","sticky":false,"template":"","format":"standard","meta":{"footnotes":""},"categories":[1524,20,2,1514,5643,887,12],"tags":[5140,5139,1046],"_links":{"self":[{"href":"https:\/\/centralmedia.rs\/index.php\/wp-json\/wp\/v2\/posts\/26866"}],"collection":[{"href":"https:\/\/centralmedia.rs\/index.php\/wp-json\/wp\/v2\/posts"}],"about":[{"href":"https:\/\/centralmedia.rs\/index.php\/wp-json\/wp\/v2\/types\/post"}],"author":[{"embeddable":true,"href":"https:\/\/centralmedia.rs\/index.php\/wp-json\/wp\/v2\/users\/2"}],"replies":[{"embeddable":true,"href":"https:\/\/centralmedia.rs\/index.php\/wp-json\/wp\/v2\/comments?post=26866"}],"version-history":[{"count":1,"href":"https:\/\/centralmedia.rs\/index.php\/wp-json\/wp\/v2\/posts\/26866\/revisions"}],"predecessor-version":[{"id":26867,"href":"https:\/\/centralmedia.rs\/index.php\/wp-json\/wp\/v2\/posts\/26866\/revisions\/26867"}],"wp:featuredmedia":[{"embeddable":true,"href":"https:\/\/centralmedia.rs\/index.php\/wp-json\/wp\/v2\/media\/10244"}],"wp:attachment":[{"href":"https:\/\/centralmedia.rs\/index.php\/wp-json\/wp\/v2\/media?parent=26866"}],"wp:term":[{"taxonomy":"category","embeddable":true,"href":"https:\/\/centralmedia.rs\/index.php\/wp-json\/wp\/v2\/categories?post=26866"},{"taxonomy":"post_tag","embeddable":true,"href":"https:\/\/centralmedia.rs\/index.php\/wp-json\/wp\/v2\/tags?post=26866"}],"curies":[{"name":"wp","href":"https:\/\/api.w.org\/{rel}","templated":true}]}}