{"id":26870,"date":"2021-05-13T18:16:30","date_gmt":"2021-05-13T16:16:30","guid":{"rendered":"http:\/\/centralmedia.rs\/?p=26870"},"modified":"2021-05-14T17:09:32","modified_gmt":"2021-05-14T15:09:32","slug":"noc-muzeja-u-paracinu","status":"publish","type":"post","link":"https:\/\/centralmedia.rs\/index.php\/2021\/05\/13\/noc-muzeja-u-paracinu\/","title":{"rendered":"NO\u0106 MUZEJA U PARA\u0106INU"},"content":{"rendered":"<p>PARA\u0106IN- Obele\u017eavanju tradicionalne manifestacije &#8220;No\u0107 muzeja&#8221; koja se odr\u017eava 16. godinu zaredom se i ovog puta priklju\u010duje para\u0107inski Kulturni centar otvaranjem izlo\u017ebe slika italijanskog slikara Pipa Altomarea u svojoj galeriji, u petak 14. maja 2021. godine od 19 do 22 sata.\u00a0Izlo\u017eba \u0107e biti otvorena za sve posetioce do 28. maja 2021. godine u Galeriji para\u0107inskog kulturnog centra u prepodnevnim \u010dasovima uz po\u0161tovanje svih preventvnih mera.<\/p>\n<div id='gallery-1' class='gallery galleryid-26870 gallery-columns-3 gallery-size-thumbnail'><figure class='gallery-item'>\n\t\t\t<div class='gallery-icon landscape'>\n\t\t\t\t<a href='https:\/\/centralmedia.rs\/index.php\/2021\/05\/13\/noc-muzeja-u-paracinu\/noc-muzeja1\/'><img loading=\"lazy\" decoding=\"async\" width=\"150\" height=\"150\" src=\"https:\/\/centralmedia.rs\/wp-content\/uploads\/2021\/05\/noc-muzeja1-150x150.jpg\" class=\"attachment-thumbnail size-thumbnail\" alt=\"\" \/><\/a>\n\t\t\t<\/div><\/figure><figure class='gallery-item'>\n\t\t\t<div class='gallery-icon landscape'>\n\t\t\t\t<a href='https:\/\/centralmedia.rs\/index.php\/2021\/05\/13\/noc-muzeja-u-paracinu\/noc-muzeja2-2\/'><img loading=\"lazy\" decoding=\"async\" width=\"150\" height=\"150\" src=\"https:\/\/centralmedia.rs\/wp-content\/uploads\/2021\/05\/noc-muzeja2-150x150.jpg\" class=\"attachment-thumbnail size-thumbnail\" alt=\"\" srcset=\"https:\/\/centralmedia.rs\/wp-content\/uploads\/2021\/05\/noc-muzeja2-150x150.jpg 150w, https:\/\/centralmedia.rs\/wp-content\/uploads\/2021\/05\/noc-muzeja2-300x300.jpg 300w, https:\/\/centralmedia.rs\/wp-content\/uploads\/2021\/05\/noc-muzeja2.jpg 370w\" sizes=\"(max-width: 150px) 100vw, 150px\" \/><\/a>\n\t\t\t<\/div><\/figure><figure class='gallery-item'>\n\t\t\t<div class='gallery-icon portrait'>\n\t\t\t\t<a href='https:\/\/centralmedia.rs\/index.php\/2021\/05\/13\/noc-muzeja-u-paracinu\/noc-muzeja\/'><img loading=\"lazy\" decoding=\"async\" width=\"150\" height=\"150\" src=\"https:\/\/centralmedia.rs\/wp-content\/uploads\/2021\/05\/noc-muzeja-150x150.jpg\" class=\"attachment-thumbnail size-thumbnail\" alt=\"\" srcset=\"https:\/\/centralmedia.rs\/wp-content\/uploads\/2021\/05\/noc-muzeja-150x150.jpg 150w, https:\/\/centralmedia.rs\/wp-content\/uploads\/2021\/05\/noc-muzeja-298x300.jpg 298w, https:\/\/centralmedia.rs\/wp-content\/uploads\/2021\/05\/noc-muzeja-768x772.jpg 768w, https:\/\/centralmedia.rs\/wp-content\/uploads\/2021\/05\/noc-muzeja-1019x1024.jpg 1019w, https:\/\/centralmedia.rs\/wp-content\/uploads\/2021\/05\/noc-muzeja-418x420.jpg 418w, https:\/\/centralmedia.rs\/wp-content\/uploads\/2021\/05\/noc-muzeja-640x643.jpg 640w, https:\/\/centralmedia.rs\/wp-content\/uploads\/2021\/05\/noc-muzeja-681x685.jpg 681w, https:\/\/centralmedia.rs\/wp-content\/uploads\/2021\/05\/noc-muzeja.jpg 1875w\" sizes=\"(max-width: 150px) 100vw, 150px\" \/><\/a>\n\t\t\t<\/div><\/figure>\n\t\t<\/div>\n\n<p>-Za nama su po mnogo \u010demu jedinstveni dani borbe protiv pandemije koja je na pre\u010dac sko\u010dila sa jednog meridijana na drugi, koja nas je zatekla i izmenila na\u0161u svakodnevicu, preokrenula na\u0161e rasporede, poremetila nam planove. Pred nama su nedelje u kojima borba ne prestaje, dani u kojima uzvra\u0107amo udarac uz pomo\u0107 znanja, uz pomo\u0107 nauke i, pre svega, ljubavi i brige za zajednicu \u010diji smo deo.<\/p>\n<p>Uprkos svemu, umetnost i kultura pokazali su svoju otpornost i spremnost da preko no\u0107i odgovore na nove izazove, da iznedre nove ideje i jo\u0161 jednom pokrenu ceo svet, \u010dak i u ovako te\u0161kim trenucima, stoji u saop\u0161tenju.<\/p>\n<p>O autoru izlo\u017ebe:<\/p>\n<p>Pippo Altomare je ro\u0111en u Spelingi na Siciliji, ostrvu na kojem je ro|en 8. aprila 1958. godine u Nikoziji. Poha\u0111ao je Dr\u017eavni umetni\u010dki institut i Akademiju lepih umetnosti u Kataniji.<\/p>\n<p>Privu\u010den razvojem umetni\u010dkih pojava na ameri\u010dkoj umetni\u010dkoj sceni, 1977. provodi tri meseca u Njujorku, istra\u017euju\u0107i gradske galerije i muzeje. Tokom svog drugog boravka, nekoliko godina kasnije, odlazi u Majami (Florida) gde ima priliku da analizira ameri\u010dke strategije marketinga i prezentacije savremene umetnosti.<\/p>\n<p>Od 1984. izla\u017ee samostalno i grupno u Italiji i \u0161irom celog sveta (Austrija, Bugarska, Hrvatska, Danska, Engleska, Estonija, Finska, Nema\u010dka, Holandija, Ma\u0111rska, Jordan, Liban, Poljska, Rumunija, \u0160vedska, Sirija, Slovenija, \u0160panija, Turska, Makedonija, Crna Gora, Srbija, Republika Srpska i Amerika).<\/p>\n<p>Njegov rad se tako\u0111e pojavio u televizijskom zabavnom programu \u201cMito, la bevanda per il giovani\u201d. Radio je dizajn naslovnih stranica knjiga eseja (Enzo Santese, \u201cIl vino specchio per l\u2019uomo\u201d, Edizioni Andrea Moro, Tolmezzo \u2013 Italy \u2013 1999.), pripovetki &#8211; zajedno sa Filipo Altomareom &#8211; (Francesco Paolo Pinello, \u201cIo sono una libellula&#8230;\u201d, Bastogi Editrice Italiana, Foggia \u2013 Italy \u2013 2009.), i druge publikacije. Dizajnirao je i\/ili producirao serije radova i umetni\u010dkih objekata za: Telecampione S.p.A., Arte y Naturaleza u Madridu i Progetti Italiani u Velikoj Britaniji.<\/p>\n<p>Predavao je na Akademiji lepih umetnosti Karari, Firenci, Le\u0107eu, Rimu i Sasari. Od 2013. godine, radi na Akademiji lepih umetnosti u Kataniji, gde podu\u010dava na Odseku za dekorativne umetnosti.<\/p>\n<p>Izlo\u017eba \u0107e biti otvorena za sve posetioce do 28. maja 2021. godine u Galeriji para\u0107inskog kulturnog centra u prepodnevnim \u010dasovima uz po\u0161tovanje svih preventvnih mera. <a href=\"https:\/\/www.facebook.com\/hashtag\/budimoodgovorni?__eep__=6&amp;__cft__%5b0%5d=AZWdZvxjzs7SmF0l6jpqZAZzskB39H20QfXwSiF64nfNJPADGdbXeEV68eFoBMt2ZhD1cpWsbHBO40OOwUCDH8yw_1N9Y2r9HazvmVV1n0dCDRxdqiMFF96dKuBv9I7LsY-PPXfNqzI6XZ7YJQsEsimx&amp;__tn__=*NK-R\">#budimoodgovorni<\/a><\/p>\n<p><a href=\"https:\/\/l.facebook.com\/l.php?u=http%3A%2F%2Fwww.kcp.org.rs%2F%3Ffbclid%3DIwAR3iL3e4uk-pqEQ9xU5L0HvnthRNuE3EK_MhT26T0qTcEFzIg3CTlcATGUQ&amp;h=AT1qavcfwMKsLS3YMdMFYuAL8DWzGPI386h6elsc-NEhP-tB06QDCvVj3BDHzF4Lj7rtSriy10avR1rC7a64IUzD7Ie_qRFUbZtZyc6EIa5p9H9DvTCsgKXmRhuDmZP1LQ&amp;__tn__=-UK-R&amp;c%5b0%5d=AT2no3Uttb26WgpCv5jiTd0wy2DOBAeA7Up79u_NsKwDWNBTT1WTL2_7uxZNUZibXv8AZGn4AEAuOWifQ8G-80CpT6YwcW82sUkCtO7VTk5PGXpZk8hUpbO55bxZyysRnNIfFA2fpBryInP7NS2YiEYsMAEuufGNFmZzgV5dXT7nU6c\">www.kcp.org.rs<\/a><\/p>\n<p>&nbsp;<\/p>\n","protected":false},"excerpt":{"rendered":"<p>PARA\u0106IN- Obele\u017eavanju tradicionalne manifestacije &#8220;No\u0107 muzeja&#8221; koja se odr\u017eava 16. godinu zaredom se i ovog puta priklju\u010duje para\u0107inski Kulturni centar otvaranjem izlo\u017ebe slika italijanskog slikara &hellip; <\/p>\n","protected":false},"author":2,"featured_media":26871,"comment_status":"open","ping_status":"open","sticky":false,"template":"","format":"standard","meta":{"footnotes":""},"categories":[1524,2,15,1516,12],"tags":[821,156],"_links":{"self":[{"href":"https:\/\/centralmedia.rs\/index.php\/wp-json\/wp\/v2\/posts\/26870"}],"collection":[{"href":"https:\/\/centralmedia.rs\/index.php\/wp-json\/wp\/v2\/posts"}],"about":[{"href":"https:\/\/centralmedia.rs\/index.php\/wp-json\/wp\/v2\/types\/post"}],"author":[{"embeddable":true,"href":"https:\/\/centralmedia.rs\/index.php\/wp-json\/wp\/v2\/users\/2"}],"replies":[{"embeddable":true,"href":"https:\/\/centralmedia.rs\/index.php\/wp-json\/wp\/v2\/comments?post=26870"}],"version-history":[{"count":1,"href":"https:\/\/centralmedia.rs\/index.php\/wp-json\/wp\/v2\/posts\/26870\/revisions"}],"predecessor-version":[{"id":26874,"href":"https:\/\/centralmedia.rs\/index.php\/wp-json\/wp\/v2\/posts\/26870\/revisions\/26874"}],"wp:featuredmedia":[{"embeddable":true,"href":"https:\/\/centralmedia.rs\/index.php\/wp-json\/wp\/v2\/media\/26871"}],"wp:attachment":[{"href":"https:\/\/centralmedia.rs\/index.php\/wp-json\/wp\/v2\/media?parent=26870"}],"wp:term":[{"taxonomy":"category","embeddable":true,"href":"https:\/\/centralmedia.rs\/index.php\/wp-json\/wp\/v2\/categories?post=26870"},{"taxonomy":"post_tag","embeddable":true,"href":"https:\/\/centralmedia.rs\/index.php\/wp-json\/wp\/v2\/tags?post=26870"}],"curies":[{"name":"wp","href":"https:\/\/api.w.org\/{rel}","templated":true}]}}