{"id":26880,"date":"2021-05-14T15:55:50","date_gmt":"2021-05-14T13:55:50","guid":{"rendered":"http:\/\/centralmedia.rs\/?p=26880"},"modified":"2021-06-09T16:02:13","modified_gmt":"2021-06-09T14:02:13","slug":"partnerstvo-za-buducnost-2021","status":"publish","type":"post","link":"https:\/\/centralmedia.rs\/index.php\/2021\/05\/14\/partnerstvo-za-buducnost-2021\/","title":{"rendered":"Partnerstvo za budu\u0107nost 2021."},"content":{"rendered":"<p>Popovac \u2013 Dvanaestu godinu za redom Moravacem organizuje projekat \u201ePartnerstvo za budu\u0107nost\u201d i tom prilikom poziva sve neprofitne organizacije, ustanove i udru\u017eenja gra\u0111ana da po\u0161alju svoje idejne projekte za u\u010destvovanje na projektu. Kao i ranijih godina, konkurs je otvoren za organizacije registrovane na teritoriji op\u0161tine Para\u0107in.<\/p>\n<p>Konkurs je otvoren od 14. maja 2021. godine do 7. juna 2021. godine.<\/p>\n<p>O projektima koji \u0107e biti podr\u017eani odlu\u010diva\u0107e \u017eiri, koji \u0107e pri izboru voditi ra\u010duna o relevantnosti projekta za potrebe lokalne zajednice, potencijalu odr\u017eivosti, ali i uskla\u0111enosti sa temama koje Moravacem podr\u017eava svojom Strategijom dru\u0161tveno odgovornog poslovanja, a to su:<\/p>\n<p>Lokalna ekonomija za odr\u017eivi razvoj \u2013 inicijative koje za cilj imaju razvoj zapo\u0161ljivosti, stvaranje podsticajnog okru\u017eenja za pokretanje novih biznisa, i podr\u0161ku lokalnim mikro, malim i srednjim preduze\u0107ima.<\/p>\n<p>Zajednica za odr\u017eivi razvoj \u2013 inicijative koje za cilj imaju pobolj\u0161anje kvaliteta \u017eivota gra\u0111ana u lokalnim zajednicama u razli\u010ditim aspektima, kao \u0161to su kultura, obrazovanje, sport, zdravstvo i podr\u0161ka socijalno ugro\u017eenim grupama.<\/p>\n<p>\u017divotna sredina za odr\u017eivi razvoj \u2013 inicijative u zajednici koje doprinose kvalitetu \u017eivotne sredine.<\/p>\n<p>Ukupan fond za nagrade iznosi 30.000 evra, a nagradu \u0107e dobiti 10 projekata, svaki pojedina\u010dno do 3.000 evra. Rezultati konkursa bi\u0107e objavljeni u julu 2021. godine na sajtu Moravacem: www.moravacem.rs, kao i u nedeljnicima \u201eBilten\u201d i \u201cNovi Put\u201d.<\/p>\n<p>Vi\u0161e o uslovima konkursa, kao i link za prijavljivanje zainteresovani mogu preuzeti na https:\/\/moravacem.rs\/program\/partnerstvo-za-buducnost\/, a sva dodatna pitanja uputiti na e-mail adresu: zorica.radovanovic@moravacem.rs<\/p>\n","protected":false},"excerpt":{"rendered":"<p>Popovac \u2013 Dvanaestu godinu za redom Moravacem organizuje projekat \u201ePartnerstvo za budu\u0107nost\u201d i tom prilikom poziva sve neprofitne organizacije, ustanove i udru\u017eenja gra\u0111ana da po\u0161alju &hellip; <\/p>\n","protected":false},"author":2,"featured_media":26881,"comment_status":"open","ping_status":"open","sticky":false,"template":"","format":"standard","meta":{"footnotes":""},"categories":[14,1524,2,1516,12],"tags":[5142,156,5143],"_links":{"self":[{"href":"https:\/\/centralmedia.rs\/index.php\/wp-json\/wp\/v2\/posts\/26880"}],"collection":[{"href":"https:\/\/centralmedia.rs\/index.php\/wp-json\/wp\/v2\/posts"}],"about":[{"href":"https:\/\/centralmedia.rs\/index.php\/wp-json\/wp\/v2\/types\/post"}],"author":[{"embeddable":true,"href":"https:\/\/centralmedia.rs\/index.php\/wp-json\/wp\/v2\/users\/2"}],"replies":[{"embeddable":true,"href":"https:\/\/centralmedia.rs\/index.php\/wp-json\/wp\/v2\/comments?post=26880"}],"version-history":[{"count":1,"href":"https:\/\/centralmedia.rs\/index.php\/wp-json\/wp\/v2\/posts\/26880\/revisions"}],"predecessor-version":[{"id":26882,"href":"https:\/\/centralmedia.rs\/index.php\/wp-json\/wp\/v2\/posts\/26880\/revisions\/26882"}],"wp:featuredmedia":[{"embeddable":true,"href":"https:\/\/centralmedia.rs\/index.php\/wp-json\/wp\/v2\/media\/26881"}],"wp:attachment":[{"href":"https:\/\/centralmedia.rs\/index.php\/wp-json\/wp\/v2\/media?parent=26880"}],"wp:term":[{"taxonomy":"category","embeddable":true,"href":"https:\/\/centralmedia.rs\/index.php\/wp-json\/wp\/v2\/categories?post=26880"},{"taxonomy":"post_tag","embeddable":true,"href":"https:\/\/centralmedia.rs\/index.php\/wp-json\/wp\/v2\/tags?post=26880"}],"curies":[{"name":"wp","href":"https:\/\/api.w.org\/{rel}","templated":true}]}}