{"id":26883,"date":"2021-05-14T16:11:21","date_gmt":"2021-05-14T14:11:21","guid":{"rendered":"http:\/\/centralmedia.rs\/?p=26883"},"modified":"2021-05-17T19:15:47","modified_gmt":"2021-05-17T17:15:47","slug":"opremanje-nove-zgrade-policije-u-svilajncu","status":"publish","type":"post","link":"https:\/\/centralmedia.rs\/index.php\/2021\/05\/14\/opremanje-nove-zgrade-policije-u-svilajncu\/","title":{"rendered":"OPREMANJE NOVE ZGRADE POLICIJE U SVILAJNCU"},"content":{"rendered":"<p>SVILAJNAC-U toku su radovi na opremanju prostorija zgrade u Ustani\u010dkoj ulici, u kojoj \u0107e biti preme\u0161tena Policijska stanica u Svilajncu.<\/p>\n<div id='gallery-1' class='gallery galleryid-26883 gallery-columns-3 gallery-size-full'><figure class='gallery-item'>\n\t\t\t<div class='gallery-icon landscape'>\n\t\t\t\t<a href='https:\/\/centralmedia.rs\/index.php\/2021\/05\/14\/opremanje-nove-zgrade-policije-u-svilajncu\/ps-svilajnac\/'><img loading=\"lazy\" decoding=\"async\" width=\"2048\" height=\"1365\" src=\"https:\/\/centralmedia.rs\/wp-content\/uploads\/2021\/05\/ps-svilajnac.jpg\" class=\"attachment-full size-full\" alt=\"\" srcset=\"https:\/\/centralmedia.rs\/wp-content\/uploads\/2021\/05\/ps-svilajnac.jpg 2048w, https:\/\/centralmedia.rs\/wp-content\/uploads\/2021\/05\/ps-svilajnac-300x200.jpg 300w, https:\/\/centralmedia.rs\/wp-content\/uploads\/2021\/05\/ps-svilajnac-768x512.jpg 768w, https:\/\/centralmedia.rs\/wp-content\/uploads\/2021\/05\/ps-svilajnac-1024x683.jpg 1024w, https:\/\/centralmedia.rs\/wp-content\/uploads\/2021\/05\/ps-svilajnac-630x420.jpg 630w, https:\/\/centralmedia.rs\/wp-content\/uploads\/2021\/05\/ps-svilajnac-640x427.jpg 640w, https:\/\/centralmedia.rs\/wp-content\/uploads\/2021\/05\/ps-svilajnac-681x454.jpg 681w\" sizes=\"(max-width: 2048px) 100vw, 2048px\" \/><\/a>\n\t\t\t<\/div><\/figure><figure class='gallery-item'>\n\t\t\t<div class='gallery-icon landscape'>\n\t\t\t\t<a href='https:\/\/centralmedia.rs\/index.php\/2021\/05\/14\/opremanje-nove-zgrade-policije-u-svilajncu\/ps-svilajnac1\/'><img loading=\"lazy\" decoding=\"async\" width=\"2048\" height=\"1365\" src=\"https:\/\/centralmedia.rs\/wp-content\/uploads\/2021\/05\/ps-svilajnac1.jpg\" class=\"attachment-full size-full\" alt=\"\" srcset=\"https:\/\/centralmedia.rs\/wp-content\/uploads\/2021\/05\/ps-svilajnac1.jpg 2048w, https:\/\/centralmedia.rs\/wp-content\/uploads\/2021\/05\/ps-svilajnac1-300x200.jpg 300w, https:\/\/centralmedia.rs\/wp-content\/uploads\/2021\/05\/ps-svilajnac1-768x512.jpg 768w, https:\/\/centralmedia.rs\/wp-content\/uploads\/2021\/05\/ps-svilajnac1-1024x683.jpg 1024w, https:\/\/centralmedia.rs\/wp-content\/uploads\/2021\/05\/ps-svilajnac1-630x420.jpg 630w, https:\/\/centralmedia.rs\/wp-content\/uploads\/2021\/05\/ps-svilajnac1-640x427.jpg 640w, https:\/\/centralmedia.rs\/wp-content\/uploads\/2021\/05\/ps-svilajnac1-681x454.jpg 681w\" sizes=\"(max-width: 2048px) 100vw, 2048px\" \/><\/a>\n\t\t\t<\/div><\/figure><figure class='gallery-item'>\n\t\t\t<div class='gallery-icon landscape'>\n\t\t\t\t<a href='https:\/\/centralmedia.rs\/index.php\/2021\/05\/14\/opremanje-nove-zgrade-policije-u-svilajncu\/ps-svilajnac2\/'><img loading=\"lazy\" decoding=\"async\" width=\"2048\" height=\"1365\" src=\"https:\/\/centralmedia.rs\/wp-content\/uploads\/2021\/05\/ps-svilajnac2.jpg\" class=\"attachment-full size-full\" alt=\"\" srcset=\"https:\/\/centralmedia.rs\/wp-content\/uploads\/2021\/05\/ps-svilajnac2.jpg 2048w, https:\/\/centralmedia.rs\/wp-content\/uploads\/2021\/05\/ps-svilajnac2-300x200.jpg 300w, https:\/\/centralmedia.rs\/wp-content\/uploads\/2021\/05\/ps-svilajnac2-768x512.jpg 768w, https:\/\/centralmedia.rs\/wp-content\/uploads\/2021\/05\/ps-svilajnac2-1024x683.jpg 1024w, https:\/\/centralmedia.rs\/wp-content\/uploads\/2021\/05\/ps-svilajnac2-630x420.jpg 630w, https:\/\/centralmedia.rs\/wp-content\/uploads\/2021\/05\/ps-svilajnac2-640x427.jpg 640w, https:\/\/centralmedia.rs\/wp-content\/uploads\/2021\/05\/ps-svilajnac2-681x454.jpg 681w\" sizes=\"(max-width: 2048px) 100vw, 2048px\" \/><\/a>\n\t\t\t<\/div><\/figure>\n\t\t<\/div>\n\n<p>Predsednik op\u0161tine Svilajnac Predrag Milanovi\u0107 istakao je da je ovaj objekat kupila op\u0161tina Svilajnac:<\/p>\n<p>\u201eMi smo uradili jednu istorijsku stvar, re\u0161ili smo problem koji postoji od 1956. godine. Op\u0161tina Svilajnac je kupila ovu zgradu, koja ima 1.000m2 i poklonila je MUP-u Republike Srbije za preme\u0161taj policijske stanice. Radnici policijske stanice radi\u0107e u komfornijim uslovima, ali ono \u0161to je nama najva\u017enije jeste interes gra\u0111ana, koji vi\u0161e ne\u0107e morati da \u010dekaju po hodnicima, u redovima, ve\u0107 \u0107e imati jednu modernu \u0161alter salu od 250m2. Ima\u0107e i savremene ure\u0111aje, tako da \u0107e svako dobiti svoj broj i zna\u0107e ta\u010dno kada je njegov red da izvadi paso\u0161, li\u010dnu kartu, voza\u010dku dozvolu ili registraciju\u201c &#8211; izjavio je Milanovi\u0107 i rekao da \u0107e ovo zna\u010diti i Op\u0161tinskoj upravi op\u0161tine Svilajnac koja \u0107e sve slu\u017ebe koje rade sa strankama rasporediti na donjem spratu i tako ih pribli\u017eiti gra\u0111anima:<\/p>\n<p>\u201eIstakao bih i saradnju sa Ministarstvom unutra\u0161njih poslova, koji su ulo\u017eili svoja sredstva u opremu i name\u0161taj za novu policijsku stanicu, i kada se do kraja maja zavr\u0161i preseljenje Svilajn\u010dani \u0107e kona\u010dno dobiti jednu modernu stanicu policije, a ujedno \u0107e im i sve op\u0161tinske slu\u017ebe biti dostupnije.<\/p>\n","protected":false},"excerpt":{"rendered":"<p>SVILAJNAC-U toku su radovi na opremanju prostorija zgrade u Ustani\u010dkoj ulici, u kojoj \u0107e biti preme\u0161tena Policijska stanica u Svilajncu. Predsednik op\u0161tine Svilajnac Predrag Milanovi\u0107 &hellip; <\/p>\n","protected":false},"author":2,"featured_media":26884,"comment_status":"open","ping_status":"open","sticky":false,"template":"","format":"standard","meta":{"footnotes":""},"categories":[14,1524,2,887,12,1517],"tags":[5145,5144,38],"_links":{"self":[{"href":"https:\/\/centralmedia.rs\/index.php\/wp-json\/wp\/v2\/posts\/26883"}],"collection":[{"href":"https:\/\/centralmedia.rs\/index.php\/wp-json\/wp\/v2\/posts"}],"about":[{"href":"https:\/\/centralmedia.rs\/index.php\/wp-json\/wp\/v2\/types\/post"}],"author":[{"embeddable":true,"href":"https:\/\/centralmedia.rs\/index.php\/wp-json\/wp\/v2\/users\/2"}],"replies":[{"embeddable":true,"href":"https:\/\/centralmedia.rs\/index.php\/wp-json\/wp\/v2\/comments?post=26883"}],"version-history":[{"count":1,"href":"https:\/\/centralmedia.rs\/index.php\/wp-json\/wp\/v2\/posts\/26883\/revisions"}],"predecessor-version":[{"id":26888,"href":"https:\/\/centralmedia.rs\/index.php\/wp-json\/wp\/v2\/posts\/26883\/revisions\/26888"}],"wp:featuredmedia":[{"embeddable":true,"href":"https:\/\/centralmedia.rs\/index.php\/wp-json\/wp\/v2\/media\/26884"}],"wp:attachment":[{"href":"https:\/\/centralmedia.rs\/index.php\/wp-json\/wp\/v2\/media?parent=26883"}],"wp:term":[{"taxonomy":"category","embeddable":true,"href":"https:\/\/centralmedia.rs\/index.php\/wp-json\/wp\/v2\/categories?post=26883"},{"taxonomy":"post_tag","embeddable":true,"href":"https:\/\/centralmedia.rs\/index.php\/wp-json\/wp\/v2\/tags?post=26883"}],"curies":[{"name":"wp","href":"https:\/\/api.w.org\/{rel}","templated":true}]}}