{"id":26889,"date":"2021-05-14T16:14:19","date_gmt":"2021-05-14T14:14:19","guid":{"rendered":"http:\/\/centralmedia.rs\/?p=26889"},"modified":"2021-05-17T19:15:55","modified_gmt":"2021-05-17T17:15:55","slug":"rekonstrukcija-staze","status":"publish","type":"post","link":"https:\/\/centralmedia.rs\/index.php\/2021\/05\/14\/rekonstrukcija-staze\/","title":{"rendered":"REKONSTRUKCIJA STAZE"},"content":{"rendered":"<p>SVILAJNAC-U toku su radovi na rekonstrukciji blizu 200 m2 staze izme\u0111u vojnih zgrada u Svilajncu, koji \u0107e biti gotovi do 1. juna.<\/p>\n<div id='gallery-1' class='gallery galleryid-26889 gallery-columns-4 gallery-size-thumbnail'><figure class='gallery-item'>\n\t\t\t<div class='gallery-icon landscape'>\n\t\t\t\t<a href='https:\/\/centralmedia.rs\/index.php\/2021\/05\/14\/rekonstrukcija-staze\/staza1-2\/'><img loading=\"lazy\" decoding=\"async\" width=\"150\" height=\"150\" src=\"https:\/\/centralmedia.rs\/wp-content\/uploads\/2021\/05\/staza1-150x150.jpg\" class=\"attachment-thumbnail size-thumbnail\" alt=\"\" \/><\/a>\n\t\t\t<\/div><\/figure><figure class='gallery-item'>\n\t\t\t<div class='gallery-icon landscape'>\n\t\t\t\t<a href='https:\/\/centralmedia.rs\/index.php\/2021\/05\/14\/rekonstrukcija-staze\/staza2\/'><img loading=\"lazy\" decoding=\"async\" width=\"150\" height=\"150\" src=\"https:\/\/centralmedia.rs\/wp-content\/uploads\/2021\/05\/staza2-150x150.jpg\" class=\"attachment-thumbnail size-thumbnail\" alt=\"\" \/><\/a>\n\t\t\t<\/div><\/figure><figure class='gallery-item'>\n\t\t\t<div class='gallery-icon landscape'>\n\t\t\t\t<a href='https:\/\/centralmedia.rs\/index.php\/2021\/05\/14\/rekonstrukcija-staze\/staza3\/'><img loading=\"lazy\" decoding=\"async\" width=\"150\" height=\"150\" src=\"https:\/\/centralmedia.rs\/wp-content\/uploads\/2021\/05\/staza3-150x150.jpg\" class=\"attachment-thumbnail size-thumbnail\" alt=\"\" \/><\/a>\n\t\t\t<\/div><\/figure><figure class='gallery-item'>\n\t\t\t<div class='gallery-icon landscape'>\n\t\t\t\t<a href='https:\/\/centralmedia.rs\/index.php\/2021\/05\/14\/rekonstrukcija-staze\/staza4\/'><img loading=\"lazy\" decoding=\"async\" width=\"150\" height=\"150\" src=\"https:\/\/centralmedia.rs\/wp-content\/uploads\/2021\/05\/staza4-150x150.jpg\" class=\"attachment-thumbnail size-thumbnail\" alt=\"\" \/><\/a>\n\t\t\t<\/div><\/figure>\n\t\t<\/div>\n\n<p>Predsednik op\u0161tine Svilajnac Predrag Milanovi\u0107 rekao je da je ovo plan od pro\u0161le godine koji je zbog epidemije Korona virusa odlo\u017een za ovu:<\/p>\n<p>\u201e\u010cim su se stvorili vremenski uslovi krenuli smo punim kapacitetom u ovu gra\u0111evinsku sezonu i ovo je samo jedna od rekonstrukcija koje planiramo da uradimo. Radimo i blizu 2km novih trotoara, neke trotoare radimo, neke rekonstrui\u0161emo, a plan je da se rade i neke ulice. Podjednako radimo i u seoskim mesnim zajednicama i u gradu. Radi\u0107e se i rekonstrukcija dela Ustani\u010dke ulice, gde \u0107e se otvoriti jednosmeran saobra\u0107aj prema Trgu Mare Resavkinje, \u010dime \u0107e se re\u0161iti to usko grlo i policiji napraviti prohodnost\u201c \u2013 izjavio je Milanovi\u0107.<\/p>\n","protected":false},"excerpt":{"rendered":"<p>SVILAJNAC-U toku su radovi na rekonstrukciji blizu 200 m2 staze izme\u0111u vojnih zgrada u Svilajncu, koji \u0107e biti gotovi do 1. juna. Predsednik op\u0161tine Svilajnac &hellip; <\/p>\n","protected":false},"author":2,"featured_media":26890,"comment_status":"open","ping_status":"open","sticky":false,"template":"","format":"standard","meta":{"footnotes":""},"categories":[1524,2,887,16,12,1517],"tags":[1280,2952,38],"_links":{"self":[{"href":"https:\/\/centralmedia.rs\/index.php\/wp-json\/wp\/v2\/posts\/26889"}],"collection":[{"href":"https:\/\/centralmedia.rs\/index.php\/wp-json\/wp\/v2\/posts"}],"about":[{"href":"https:\/\/centralmedia.rs\/index.php\/wp-json\/wp\/v2\/types\/post"}],"author":[{"embeddable":true,"href":"https:\/\/centralmedia.rs\/index.php\/wp-json\/wp\/v2\/users\/2"}],"replies":[{"embeddable":true,"href":"https:\/\/centralmedia.rs\/index.php\/wp-json\/wp\/v2\/comments?post=26889"}],"version-history":[{"count":1,"href":"https:\/\/centralmedia.rs\/index.php\/wp-json\/wp\/v2\/posts\/26889\/revisions"}],"predecessor-version":[{"id":26895,"href":"https:\/\/centralmedia.rs\/index.php\/wp-json\/wp\/v2\/posts\/26889\/revisions\/26895"}],"wp:featuredmedia":[{"embeddable":true,"href":"https:\/\/centralmedia.rs\/index.php\/wp-json\/wp\/v2\/media\/26890"}],"wp:attachment":[{"href":"https:\/\/centralmedia.rs\/index.php\/wp-json\/wp\/v2\/media?parent=26889"}],"wp:term":[{"taxonomy":"category","embeddable":true,"href":"https:\/\/centralmedia.rs\/index.php\/wp-json\/wp\/v2\/categories?post=26889"},{"taxonomy":"post_tag","embeddable":true,"href":"https:\/\/centralmedia.rs\/index.php\/wp-json\/wp\/v2\/tags?post=26889"}],"curies":[{"name":"wp","href":"https:\/\/api.w.org\/{rel}","templated":true}]}}