{"id":26896,"date":"2021-05-14T17:04:20","date_gmt":"2021-05-14T15:04:20","guid":{"rendered":"http:\/\/centralmedia.rs\/?p=26896"},"modified":"2022-01-04T18:33:15","modified_gmt":"2022-01-04T17:33:15","slug":"palma-marinika-moze-i-haski-tribunal","status":"publish","type":"post","link":"https:\/\/centralmedia.rs\/index.php\/2021\/05\/14\/palma-marinika-moze-i-haski-tribunal\/","title":{"rendered":"PALMA : MARINIKA MO\u017dE I HA\u0160KI TRIBUNAL"},"content":{"rendered":"<p>JAGODINA- \u201c\u010cudi me da Marinika Tepi\u0107 nije tra\u017eila da Ha\u0161ki tribunal preuzme takozvani izmi\u0161ljeni slu\u010daj, koji postoji samo u njenoj glavi i glavi njenog poslodavca Dragana \u0110ilasa. \u0160to se mene ti\u010de taj izmi\u0161ljeni slu\u010daj mo\u017ee da preuzme ko ho\u0107e i CIA i KGB. Su\u0161tina je da la\u017eov\u010dina Marinika Tepi\u0107 nema ni svedoke ni \u017ertve, zato jer je izmislila ceo slu\u010daj i sada kao kockar podi\u017ee ulog sa tu\u017eila\u0161tvima, jer su joj prazne karte. Nije joj valjala jagodinska policija, sada kraljeva\u010dko tu\u017eila\u0161tvo, po njoj je malo bolje, ali ni u Kraljevu nije dala imena svedoka i \u017ertava, ve\u0107 tra\u017ei Tu\u017eila\u0161tvo za organizovani kriminal u Beogradu, a \u0161ta je slede\u0107e &#8211; Ha\u0161ki tribunal. Tu\u017eila\u0161tvo za organizovani kriminal u Beogradu treba da pokrene slu\u010daj 619 miliona evra njenog gazde Dragana \u0110ilasa. To je slu\u010daj za to tu\u017eila\u0161tvo, jer to jeste slu\u010daj organizovanog kriminala. Od po\u010detka sam govorio i sada govorim, a to sam potvrdio i u iskazu datom policiji, a to je da sve \u0161to su govorili i Marinika Tepi\u0107 i Sanda Ra\u0161kovi\u0107 Ivi\u0107 i kriminalac Branislav Radosavljevi\u0107 je \u010dista la\u017e. Ona je u Jagodini uvredila ne samo sve \u017eene, majke i bake, ve\u0107 je uvredila i policiju, koja radi svoj posao odli\u010dno i \u010duva red i mir u svom gradu i okolini, a taj red i mir ne\u0107e pokvariti la\u017eov\u010dina Marinika Tepi\u0107 i njen gazda milijarder Dragan \u0110ilas. Po izlazu iz kraljeva\u010dkog tu\u017eila\u0161tva, na pitanje o privatnim tu\u017ebama podnesenim zbog njenih la\u017ei, Marinika Tepi\u0107 je izjavila \u201cda svaki odgovorni tu\u017eilac \u0107e odbaciti te optu\u017ebe\u201d. To je klasi\u010dan primer pritiska na pravosudne institucije. Svi na\u0161i tu\u017eioci su odgovorni i ozbiljni ljudi i ja apsolutno verujem u srpsko poravosu\u0111e. Dalje, Marinika Tepi\u0107 je danas upitala kako ona di\u017ee paniku. Tako \u0161to besomu\u010dno la\u017ee\u0161 zaposlena radnice Dragana \u0110ilasa, a tvoje la\u017ei su uznemirile svaku po\u0161tenu porodicu i svakog doma\u0107ina u Srbiji. I ja sada zbog tvojih la\u017ei svakog dana moram da se pravdam za ne\u0161to \u0161to, ne da nisam u\u010dinio, nego ni pomislio\u201d, izjavio je Dragan Markovi\u0107 Palma.<\/p>\n<p>Marinika Tepi\u0107: U slu\u010daj Palma da se uklju\u010di i Tu\u017eila\u0161tvo za organizovani kriminal<\/p>\n<p>Vi\u0161e od tri sata trajalo je davanje iskaza Marinike Tepi\u0107 pred postupaju\u0107om tu\u017eiteljkom Majdom Raki\u0107 u Vi\u0161em tu\u017eila\u0161tvu u Kraljevu.Po izlasku iz zgrade tu\u017eila\u0161tva Marinika Tepi\u0107 se obratila novinarima izra\u017eavaju\u0107i zadovoljstvo profesinalizmom i zainteresovano\u0161\u0107u pomenute tu\u017eiteljke.<\/p>\n<p>\u2013 Trajalo je dvostruko vi\u0161e nego kada sam iskaz davala u jagodinskoj policiji i iznela sam vi\u0161e detalja o slu\u010daju, jer sam nai\u0161la na izuzetno profesionalan i konstruktivan pristup tu\u017eiteljke. Imala je i puno razumevanja za \u017ertve i o\u010device, \u010dija imena nisam mogla ni danas sa saop\u0161tim usled sumnje u nekoreknost jagodinske policije, koja je za sva ova de\u0161avanja godinama znala, ali se u Palminom privatnom gradu \u0107utalo. Tako\u0111e, od tu\u017eiteljke Raki\u0107 sam dobila i garancije da \u0107e ona sva u\u010diniti da se za\u0161tite \u017ertve i o\u010devici i da \u0107e se zalo\u017eiti da se u ovaj predmet, koji je ve\u0107 u predistra\u017enom postupku, uklju\u010di i Tu\u017eila\u0161tvao za organizovani kriminal u Beogradu, jer tu ima i elemenata ornizovanog kriminala, kazala je ona.<\/p>\n<p>Ina\u010de, Vi\u0161e tu\u017eilastvo u Kraljevu ranije je, u fazi prikuljanja dokaza, sap\u0161tilo da je do sada saslu\u0161ana 21 osoba u vezi ovog predmeta.<\/p>\n<p>&nbsp;<\/p>\n","protected":false},"excerpt":{"rendered":"<p>JAGODINA- \u201c\u010cudi me da Marinika Tepi\u0107 nije tra\u017eila da Ha\u0161ki tribunal preuzme takozvani izmi\u0161ljeni slu\u010daj, koji postoji samo u njenoj glavi i glavi njenog poslodavca &hellip; <\/p>\n","protected":false},"author":2,"featured_media":16269,"comment_status":"open","ping_status":"open","sticky":false,"template":"","format":"standard","meta":{"footnotes":""},"categories":[1524,2,1514,5643,13,887,12],"tags":[1509,5146,120,5077,1046],"_links":{"self":[{"href":"https:\/\/centralmedia.rs\/index.php\/wp-json\/wp\/v2\/posts\/26896"}],"collection":[{"href":"https:\/\/centralmedia.rs\/index.php\/wp-json\/wp\/v2\/posts"}],"about":[{"href":"https:\/\/centralmedia.rs\/index.php\/wp-json\/wp\/v2\/types\/post"}],"author":[{"embeddable":true,"href":"https:\/\/centralmedia.rs\/index.php\/wp-json\/wp\/v2\/users\/2"}],"replies":[{"embeddable":true,"href":"https:\/\/centralmedia.rs\/index.php\/wp-json\/wp\/v2\/comments?post=26896"}],"version-history":[{"count":1,"href":"https:\/\/centralmedia.rs\/index.php\/wp-json\/wp\/v2\/posts\/26896\/revisions"}],"predecessor-version":[{"id":26897,"href":"https:\/\/centralmedia.rs\/index.php\/wp-json\/wp\/v2\/posts\/26896\/revisions\/26897"}],"wp:featuredmedia":[{"embeddable":true,"href":"https:\/\/centralmedia.rs\/index.php\/wp-json\/wp\/v2\/media\/16269"}],"wp:attachment":[{"href":"https:\/\/centralmedia.rs\/index.php\/wp-json\/wp\/v2\/media?parent=26896"}],"wp:term":[{"taxonomy":"category","embeddable":true,"href":"https:\/\/centralmedia.rs\/index.php\/wp-json\/wp\/v2\/categories?post=26896"},{"taxonomy":"post_tag","embeddable":true,"href":"https:\/\/centralmedia.rs\/index.php\/wp-json\/wp\/v2\/tags?post=26896"}],"curies":[{"name":"wp","href":"https:\/\/api.w.org\/{rel}","templated":true}]}}