{"id":26902,"date":"2021-05-15T13:13:58","date_gmt":"2021-05-15T11:13:58","guid":{"rendered":"http:\/\/centralmedia.rs\/?p=26902"},"modified":"2022-01-04T18:32:33","modified_gmt":"2022-01-04T17:32:33","slug":"palma-od-pocetka-ove-izmisljene-afere-govorim-da-marinika-tepic-laze-a-sada-je-to-potvrdilo-i-tuzilastvo","status":"publish","type":"post","link":"https:\/\/centralmedia.rs\/index.php\/2021\/05\/15\/palma-od-pocetka-ove-izmisljene-afere-govorim-da-marinika-tepic-laze-a-sada-je-to-potvrdilo-i-tuzilastvo\/","title":{"rendered":"PALMA &#8211; OD PO\u010cETKA OVE IZMI\u0160LJENE AFERE GOVORIM DA MARINIKA TEPI\u0106 LA\u017dE, A SADA JE TO POTVRDILO I TU\u017dILA\u0160TVO"},"content":{"rendered":"<p>\u201eOd kada je diplomirani i patolo\u0161ki la\u017eov izmislila ovu aferu ja sam govorio da Marinika Tepi\u0107 sve la\u017ee. Nju je ju\u010de samo dva sata nakon \u0161to je dala izjavu ispred Tu\u017eila\u0161tva u Kraljevu, da joj je tu\u017eiteljka dala maksimalno obe\u0107anje da \u0107e u\u010diniti sve da ovaj predmet preuzme Tu\u017eila\u0161tvo za organizovani kriminal u Beogradu, iako nema predmeta, ima samo predistra\u017enog postupka, demantovalo to isto Tu\u017eila\u0161tvo saop\u0161tenjem da nije bilo razgovora na temu prebacivanja nadle\u017enosti na drugo javno tu\u017eila\u0161tvo, te da postupaju\u0107i zamenik javnog tu\u017eioca ni u jednom trenutku tokom razgovra nije davao izjave vezane za promenu nadle\u017enosti ovog tu\u017eila\u0161tva.<\/p>\n<p><img loading=\"lazy\" decoding=\"async\" class=\"alignnone wp-image-26904 size-large\" src=\"http:\/\/centralmedia.rs\/wp-content\/uploads\/2021\/05\/palma-happy-1024x498.jpg\" alt=\"\" width=\"640\" height=\"311\" srcset=\"https:\/\/centralmedia.rs\/wp-content\/uploads\/2021\/05\/palma-happy-1024x498.jpg 1024w, https:\/\/centralmedia.rs\/wp-content\/uploads\/2021\/05\/palma-happy-300x146.jpg 300w, https:\/\/centralmedia.rs\/wp-content\/uploads\/2021\/05\/palma-happy-768x373.jpg 768w, https:\/\/centralmedia.rs\/wp-content\/uploads\/2021\/05\/palma-happy-864x420.jpg 864w, https:\/\/centralmedia.rs\/wp-content\/uploads\/2021\/05\/palma-happy-640x311.jpg 640w, https:\/\/centralmedia.rs\/wp-content\/uploads\/2021\/05\/palma-happy-681x331.jpg 681w, https:\/\/centralmedia.rs\/wp-content\/uploads\/2021\/05\/palma-happy.jpg 1800w\" sizes=\"(max-width: 640px) 100vw, 640px\" \/><\/p>\n<p>Pored toga, patolo\u0161kog la\u017eova Marinku Tepi\u0107 i predsednicu njene stranke u Jagodini demantovala je zvani\u010dnim saop\u0161tenjem i Policijska uprava u Jagodini, da nisu ta\u010dni njihovi navodi o obijanju stana te \u0110ilasove predsednice u Jagodini, a obijanje stana je demantovao i njen sin. Biserka Jakovljevi\u0107, majka maloletnog deteta, koje je na najsramniji na\u010din pomnjala Marinika Tepi\u0107, dodu\u0161e ne po imenima, ali je odmah i policiji bilo jasno o kome se radi, jer je slu\u010daj prijavljen pro\u0161le godine, demantovala je patolo\u0161kog la\u017eova Mariniku Tepi\u0107 da su snimci maloletnog deteta prona\u0111eni u mobilnom telefonu \u201enajbli\u017ee Palmine saradnice\u201c i rekla da su snimci prona\u0111eni ne u njenom telefonu, ve\u0107 u telefonu jedne \u017eene iz opozicione grupacije, sestre od strica predsednika te opozicione grupacije u Jagodini, za \u0161ta je Biserka Jakovljevi\u0107 podnela tu\u017ebu, a ta \u017eena je bila pritvorena i oduzet joj je mobilni telefon. Patolo\u0161ke la\u017eove Mariniku Tepi\u0107 i Sandu Ra\u0161kovi\u0107 Ivi\u0107 demantovao je profesor Roberto Veraldi, po\u010dasni konzul Srbije u Italiji, koji je u zvani\u010dnom pismu naveo da mu je jedina neprijatnost u Jagodini bila glasna muzika i zahvalio se doma\u0107inima na gostoprimstvu. Marinku Tepi\u0107 i samog sebe demantovao je i Mi\u0107a Jovanvi\u0107 vlasnik Megatrend unverziteta, koji je kasnije objasnio da je bio ljut na mene i da je zato rekao to \u0161to je rekao i potvrdio da toga nije bilo. I kona\u010dno sam taj kriminalac za\u0161ti\u0107eni svedok dao je iskaz u policiji u Beogradu, a ja pitam Mariniku Tepi\u0107 za\u0161to nije saop\u0161tila \u0161ta je taj kriminalac rekao u policiji i da li je rekao isto kao na konferenciji za novinare od koje je krenula ova izmi\u0161ljena afera. Marinika Tepi\u0107 la\u017ee \u010dim zine i ona je diplomirani patolo\u0161ki la\u017eov. Nisam je ja demantovao, nego institucije i osobe koje je navodila\u201c, izjavio je danas predsednik Jedinstvene Srbije Dragan Markovi\u0107 Palma, gostuju\u0107i na Hepi televiziji dodav\u0161i da \u0107e sve ovo zavr\u0161tii tako \u0161to ne\u0107e biti izjava nijednog od tih sedam svedoka koje je navela, osim ovog kriminalca Branislava Radosavljevi\u0107a, jer ih jednostavo nema i ne\u0107e biti izjava \u017ertava, jer nema \u017ertava, a alibi la\u017eova Marinike Tepi\u0107 \u0107e biti da se \u017ertve i svedoci pla\u0161e. \u201eMoje vrednosti su porodica, deca, unuci, moji jagodinci i gra\u0111ani Srbije. I to kada mi neko sa la\u017eima dirne, nadrljao je, ne od mene li\u010dno, ali od institucija sigurno, jer ko tako la\u017ee mora u zatvor\u201c, istakao je Markovi\u0107.<\/p>\n<p>TRA\u017dI\u0106U PSIHIJATRIJSKO VE\u0160TA\u010cENJE MARINIKE TEPI\u0106 I NJENE FUNKCIONERKE U JAGODINI<\/p>\n<p>\u201eJa \u0107u slu\u017ebeno da tra\u017eim od policije i Tu\u017eila\u0161tva da se izvr\u0161i ve\u0161ta\u010denje o zdravstvenom stanju osoba koje toliko la\u017eu, a to su Marinika Tepi\u0107 i predsednica \u0110ilasova stranke u Jagodini. To \u0107u ve\u0107 u ponedeljak tra\u017eiti od nadle\u017enih institucija da se vidi da li su te osobe psihi\u010dki zdrave. Bilo koja patologija je te\u0161ko psihi\u010dko stanje, kao \u0161to su patologija u smislu kra\u0111e ili laganja. I da nakon toga nadle\u017ena institucija saop\u0161ti kakvo je njihovo zdravstveno stanje\u201c, rekao je Markovi\u0107.<\/p>\n<p>DA LI \u0110ILAS IMA VEZE SA GRUPOM BELIVUKA<\/p>\n<p>\u201e\u0110ilasu je mesto u zatvoru. Prvo zbog siled\u017eijstva i nasilni\u0161tva nad svojom porodicom, nad \u017eenom, decom i tastom. To ne ka\u017eem ja, to ka\u017ee njegova biv\u0161a \u017eena u zvani\u010dnoj i potpisanoj izjavi, gde je \u010dak navela da joj je rekao \u201eodrubi\u0107u ti glavu\u201c. To su termini ove kriminalne i zlo\u010dina\u010dke grupe Belivuka i treba da se vidi da li Dragan \u0110ilas ima veze sa tom grupom Belivuka jer upotrebljavaju iste termine\u201c, kazao je Markovi\u0107.<\/p>\n<p>&nbsp;<\/p>\n","protected":false},"excerpt":{"rendered":"<p>\u201eOd kada je diplomirani i patolo\u0161ki la\u017eov izmislila ovu aferu ja sam govorio da Marinika Tepi\u0107 sve la\u017ee. Nju je ju\u010de samo dva sata nakon &hellip; <\/p>\n","protected":false},"author":2,"featured_media":26903,"comment_status":"open","ping_status":"open","sticky":false,"template":"","format":"standard","meta":{"footnotes":""},"categories":[1524,2,5643,1514,13,887,12],"tags":[5076,5147,5080,120,1046],"_links":{"self":[{"href":"https:\/\/centralmedia.rs\/index.php\/wp-json\/wp\/v2\/posts\/26902"}],"collection":[{"href":"https:\/\/centralmedia.rs\/index.php\/wp-json\/wp\/v2\/posts"}],"about":[{"href":"https:\/\/centralmedia.rs\/index.php\/wp-json\/wp\/v2\/types\/post"}],"author":[{"embeddable":true,"href":"https:\/\/centralmedia.rs\/index.php\/wp-json\/wp\/v2\/users\/2"}],"replies":[{"embeddable":true,"href":"https:\/\/centralmedia.rs\/index.php\/wp-json\/wp\/v2\/comments?post=26902"}],"version-history":[{"count":2,"href":"https:\/\/centralmedia.rs\/index.php\/wp-json\/wp\/v2\/posts\/26902\/revisions"}],"predecessor-version":[{"id":26906,"href":"https:\/\/centralmedia.rs\/index.php\/wp-json\/wp\/v2\/posts\/26902\/revisions\/26906"}],"wp:featuredmedia":[{"embeddable":true,"href":"https:\/\/centralmedia.rs\/index.php\/wp-json\/wp\/v2\/media\/26903"}],"wp:attachment":[{"href":"https:\/\/centralmedia.rs\/index.php\/wp-json\/wp\/v2\/media?parent=26902"}],"wp:term":[{"taxonomy":"category","embeddable":true,"href":"https:\/\/centralmedia.rs\/index.php\/wp-json\/wp\/v2\/categories?post=26902"},{"taxonomy":"post_tag","embeddable":true,"href":"https:\/\/centralmedia.rs\/index.php\/wp-json\/wp\/v2\/tags?post=26902"}],"curies":[{"name":"wp","href":"https:\/\/api.w.org\/{rel}","templated":true}]}}