{"id":26926,"date":"2021-05-17T18:36:46","date_gmt":"2021-05-17T16:36:46","guid":{"rendered":"http:\/\/centralmedia.rs\/?p=26926"},"modified":"2021-05-30T16:30:36","modified_gmt":"2021-05-30T14:30:36","slug":"lazne-informacije-u-svilajncu-uznemirile-ucenike-i-njihove-roditelje","status":"publish","type":"post","link":"https:\/\/centralmedia.rs\/index.php\/2021\/05\/17\/lazne-informacije-u-svilajncu-uznemirile-ucenike-i-njihove-roditelje\/","title":{"rendered":"La\u017ene informacije u Svilajncu uznemirile u\u010denike i njihove roditelje"},"content":{"rendered":"<p>SVILAJNAC-Povodom dezinformacija koje su se pojavile na dru\u0161tvenim mre\u017eama, a u kojima se navodi da na dezinfekcionim sredstvima koja su podeljena u\u010denicima svih \u0161kola na teritoriji op\u0161tine Svilajnac ne stoji hemijski sastav proizvoda, Op\u0161tina Svilajnac \u017eeli da otkloni svaku potencijalnu sumnju u ispravnost ovih sredstava za dezinfekciju. Na svakom \u201eBiodez\u201c proizvodu nalazi se QR kod koji skeniranjem mobilnim telefonom daje precizan sastav dezinfekcionog sredstva. Tako\u0111e, u nastavku ovog teksta mo\u017eete prona\u0107i i link na kome se nalaze svi izve\u0161taji studija koje su sprovedene za ovaj proizvod, bezbednosni list proizvoda, kao i Re\u0161enje Ministarstva za\u0161tite \u017eivotne sredine, saop\u0161teno je iz te op\u0161tine.<\/p>\n<p>Podse\u0107amo, prilikom uru\u010divanja dezinfekcionih sredstava \u0161kolama, odr\u017eano je stru\u010dno predavanje na kome je proizvod za dezinfekciju predstavljen svim direktorima, u\u010diteljima i nastavnicima \u0161kola. Proizvod je predstavila epidemiolog dr Ljiljana Petrovi\u0107, koja je tom prilikom naglasila da je proizvod \u201eBiodez\u201c u potpunosti bezbedan za dezinfekciju i \u010di\u0161\u0107enje ruku, povr\u0161ina i opreme za kori\u0161\u0107enje u doma\u0107instvima i objektima javnog zdravlja, kao i da je bezbedan za povr\u0161ine koje dolaze u kontakt sa hranom za ljude i \u017eivotinje. Jo\u0161 jednom apelujemo na predstavnike lokalnih stranaka u Svilajncu da zarad politi\u010dkih poena ne \u0161ire la\u017ene informacije i paniku me\u0111u stanovni\u0161tvom, stoji u saop\u0161tenju.<\/p>\n","protected":false},"excerpt":{"rendered":"<p>SVILAJNAC-Povodom dezinformacija koje su se pojavile na dru\u0161tvenim mre\u017eama, a u kojima se navodi da na dezinfekcionim sredstvima koja su podeljena u\u010denicima svih \u0161kola na &hellip; <\/p>\n","protected":false},"author":2,"featured_media":26927,"comment_status":"open","ping_status":"open","sticky":false,"template":"","format":"standard","meta":{"footnotes":""},"categories":[1524,2,887,16,12,1517],"tags":[5151,46,5152,38,196],"_links":{"self":[{"href":"https:\/\/centralmedia.rs\/index.php\/wp-json\/wp\/v2\/posts\/26926"}],"collection":[{"href":"https:\/\/centralmedia.rs\/index.php\/wp-json\/wp\/v2\/posts"}],"about":[{"href":"https:\/\/centralmedia.rs\/index.php\/wp-json\/wp\/v2\/types\/post"}],"author":[{"embeddable":true,"href":"https:\/\/centralmedia.rs\/index.php\/wp-json\/wp\/v2\/users\/2"}],"replies":[{"embeddable":true,"href":"https:\/\/centralmedia.rs\/index.php\/wp-json\/wp\/v2\/comments?post=26926"}],"version-history":[{"count":1,"href":"https:\/\/centralmedia.rs\/index.php\/wp-json\/wp\/v2\/posts\/26926\/revisions"}],"predecessor-version":[{"id":26928,"href":"https:\/\/centralmedia.rs\/index.php\/wp-json\/wp\/v2\/posts\/26926\/revisions\/26928"}],"wp:featuredmedia":[{"embeddable":true,"href":"https:\/\/centralmedia.rs\/index.php\/wp-json\/wp\/v2\/media\/26927"}],"wp:attachment":[{"href":"https:\/\/centralmedia.rs\/index.php\/wp-json\/wp\/v2\/media?parent=26926"}],"wp:term":[{"taxonomy":"category","embeddable":true,"href":"https:\/\/centralmedia.rs\/index.php\/wp-json\/wp\/v2\/categories?post=26926"},{"taxonomy":"post_tag","embeddable":true,"href":"https:\/\/centralmedia.rs\/index.php\/wp-json\/wp\/v2\/tags?post=26926"}],"curies":[{"name":"wp","href":"https:\/\/api.w.org\/{rel}","templated":true}]}}