{"id":26931,"date":"2021-05-17T19:24:45","date_gmt":"2021-05-17T17:24:45","guid":{"rendered":"http:\/\/centralmedia.rs\/?p=26931"},"modified":"2021-05-24T15:47:57","modified_gmt":"2021-05-24T13:47:57","slug":"bratislav-jugovic-sns-glasam-vulina-ako-se-vucic-ne-kandiduje-na-predsednickim-izborima","status":"publish","type":"post","link":"https:\/\/centralmedia.rs\/index.php\/2021\/05\/17\/bratislav-jugovic-sns-glasam-vulina-ako-se-vucic-ne-kandiduje-na-predsednickim-izborima\/","title":{"rendered":"Bratislav Jugovi\u0107 &#8211; SNS: Glasam Vulina, ako se Vu\u010di\u0107 ne kandiduje na predsedni\u010dkim izborima"},"content":{"rendered":"<p>Pokret socijalista saop\u0161tio je da \u0107e kandidovati lidera te stranke Aleksandra Vulina za predsednika Srbije, ako se predsednik Srpske napredne stranke i aktuelni \u0161ef dr\u017eave Aleksandar Vu\u010di\u0107 ne bude ponovo kandidovao na tu funkciju.<\/p>\n<p><span style=\"font-style: inherit; font-weight: inherit;\">Sude\u0107i po izjavi poslanika SNS-a Bratislava Jugovi\u0107a, osim svojih socijalista Vulin bi za predsedni\u010dku kandidaturu imao i podr\u0161ku \u010dlanova SNS-a.<\/span><\/p>\n<p>\u2013\u00a0Ukoliko Aleksandar Vu\u010di\u0107 ne bude kandidat na predsedni\u010dkim izborima svoj glas dajem Aleksandru Vulinu, lideru Pokreta socijalista. Ne isklju\u010dujem mogu\u0107nost da Vu\u010di\u0107 ne\u0107e u\u010destvovati u trci za predsednika Srbije. U tom slu\u010daju \u0161efa dr\u017eave \u0107emo birati u drugom krugu u koji \u0107e se plasirati dva predstavnika vlasti od kojih \u0107e jedan od njih biti Ivica Da\u010di\u0107\u00a0\u2013 Bratislav Jugovi\u0107, n<span style=\"font-style: inherit; font-weight: inherit;\">arodni poslanik i \u010dlan Glavnog odbora SNS.\u00a0<\/span><\/p>\n<p><span style=\"font-style: inherit; font-weight: inherit;\">Podsetimo, Jugovi\u0107 je pre prelaska u SNS, bio potpredsednik Pokreta socijalista i\u00a0 dugo godina jedan od Vulinovih najbli\u017eih saradnika.<\/span><\/p>\n","protected":false},"excerpt":{"rendered":"<p>Pokret socijalista saop\u0161tio je da \u0107e kandidovati lidera te stranke Aleksandra Vulina za predsednika Srbije, ako se predsednik Srpske napredne stranke i aktuelni \u0161ef dr\u017eave &hellip; <\/p>\n","protected":false},"author":2,"featured_media":26932,"comment_status":"open","ping_status":"open","sticky":false,"template":"","format":"standard","meta":{"footnotes":""},"categories":[2,13,12],"tags":[1482,5156,136,144],"_links":{"self":[{"href":"https:\/\/centralmedia.rs\/index.php\/wp-json\/wp\/v2\/posts\/26931"}],"collection":[{"href":"https:\/\/centralmedia.rs\/index.php\/wp-json\/wp\/v2\/posts"}],"about":[{"href":"https:\/\/centralmedia.rs\/index.php\/wp-json\/wp\/v2\/types\/post"}],"author":[{"embeddable":true,"href":"https:\/\/centralmedia.rs\/index.php\/wp-json\/wp\/v2\/users\/2"}],"replies":[{"embeddable":true,"href":"https:\/\/centralmedia.rs\/index.php\/wp-json\/wp\/v2\/comments?post=26931"}],"version-history":[{"count":1,"href":"https:\/\/centralmedia.rs\/index.php\/wp-json\/wp\/v2\/posts\/26931\/revisions"}],"predecessor-version":[{"id":26933,"href":"https:\/\/centralmedia.rs\/index.php\/wp-json\/wp\/v2\/posts\/26931\/revisions\/26933"}],"wp:featuredmedia":[{"embeddable":true,"href":"https:\/\/centralmedia.rs\/index.php\/wp-json\/wp\/v2\/media\/26932"}],"wp:attachment":[{"href":"https:\/\/centralmedia.rs\/index.php\/wp-json\/wp\/v2\/media?parent=26931"}],"wp:term":[{"taxonomy":"category","embeddable":true,"href":"https:\/\/centralmedia.rs\/index.php\/wp-json\/wp\/v2\/categories?post=26931"},{"taxonomy":"post_tag","embeddable":true,"href":"https:\/\/centralmedia.rs\/index.php\/wp-json\/wp\/v2\/tags?post=26931"}],"curies":[{"name":"wp","href":"https:\/\/api.w.org\/{rel}","templated":true}]}}