{"id":26947,"date":"2021-05-20T11:46:27","date_gmt":"2021-05-20T09:46:27","guid":{"rendered":"http:\/\/centralmedia.rs\/?p=26947"},"modified":"2021-05-30T16:27:56","modified_gmt":"2021-05-30T14:27:56","slug":"svecano-potpisivanje-ugovora-sa-ministarstvom-rudarstva-i-energetike","status":"publish","type":"post","link":"https:\/\/centralmedia.rs\/index.php\/2021\/05\/20\/svecano-potpisivanje-ugovora-sa-ministarstvom-rudarstva-i-energetike\/","title":{"rendered":"SVE\u010cANO POTPISIVANJE UGOVORA SA MINISTARSTVOM RUDARSTVA I ENERGETIKE"},"content":{"rendered":"<p>SVILAJNAC-Op\u0161tina Svilajnac potpisala je danas u Vladi Republike Srbije Ugovor sa Ministarstvom rudarstva i energetike o dodeli sredstava koja \u0107e biti iskori\u0161\u0107ena za rekonstrukciju O\u0160 &#8220;Stevan Sin\u0111eli\u0107&#8221; u selu Vojska. Ugovor je potpisala zamenik predsednika op\u0161tine Dragana Radevi\u0107, koja je ovom prilikom istakla da je ovo prva velika rekonstrukcija ove \u0161kole posle 35 godina.<\/p>\n<p>&#8220;Na \u0161koli \u0107e se raditi kompletna fasada sa termoizolacijom, zamena spolja\u0161nje stolarije, termoizolacija na tavanici, zamena oluka, rekonstrukcija kotla i grejnih instalacija, postavljanje nove unutra\u0161nje rasvete. Ukupna vrednost radova je oko 24,5 miliona dinara, od \u010dega 14,7 miliona dinara obezbe\u0111eno ovim projektom od Ministarstva, a 9,8 obezbedila je op\u0161tina Svilajnac. Tako \u0107e ova ustanova dobiti bolje uslove za rad svojih u\u010denika, ali i svojih zaposlenih.&#8221; &#8211; izjavila je ona.<\/p>\n<div id='gallery-1' class='gallery galleryid-26947 gallery-columns-2 gallery-size-full'><figure class='gallery-item'>\n\t\t\t<div class='gallery-icon landscape'>\n\t\t\t\t<a href='https:\/\/centralmedia.rs\/index.php\/2021\/05\/20\/svecano-potpisivanje-ugovora-sa-ministarstvom-rudarstva-i-energetike\/vojska1\/'><img loading=\"lazy\" decoding=\"async\" width=\"2048\" height=\"1365\" src=\"https:\/\/centralmedia.rs\/wp-content\/uploads\/2021\/05\/VOJSKA1.jpg\" class=\"attachment-full size-full\" alt=\"\" srcset=\"https:\/\/centralmedia.rs\/wp-content\/uploads\/2021\/05\/VOJSKA1.jpg 2048w, https:\/\/centralmedia.rs\/wp-content\/uploads\/2021\/05\/VOJSKA1-300x200.jpg 300w, https:\/\/centralmedia.rs\/wp-content\/uploads\/2021\/05\/VOJSKA1-768x512.jpg 768w, https:\/\/centralmedia.rs\/wp-content\/uploads\/2021\/05\/VOJSKA1-1024x683.jpg 1024w, https:\/\/centralmedia.rs\/wp-content\/uploads\/2021\/05\/VOJSKA1-630x420.jpg 630w, https:\/\/centralmedia.rs\/wp-content\/uploads\/2021\/05\/VOJSKA1-640x427.jpg 640w, https:\/\/centralmedia.rs\/wp-content\/uploads\/2021\/05\/VOJSKA1-681x454.jpg 681w\" sizes=\"(max-width: 2048px) 100vw, 2048px\" \/><\/a>\n\t\t\t<\/div><\/figure><figure class='gallery-item'>\n\t\t\t<div class='gallery-icon landscape'>\n\t\t\t\t<a href='https:\/\/centralmedia.rs\/index.php\/2021\/05\/20\/svecano-potpisivanje-ugovora-sa-ministarstvom-rudarstva-i-energetike\/vojska2\/'><img loading=\"lazy\" decoding=\"async\" width=\"2048\" height=\"1365\" src=\"https:\/\/centralmedia.rs\/wp-content\/uploads\/2021\/05\/VOJSKA2.jpg\" class=\"attachment-full size-full\" alt=\"\" srcset=\"https:\/\/centralmedia.rs\/wp-content\/uploads\/2021\/05\/VOJSKA2.jpg 2048w, https:\/\/centralmedia.rs\/wp-content\/uploads\/2021\/05\/VOJSKA2-300x200.jpg 300w, https:\/\/centralmedia.rs\/wp-content\/uploads\/2021\/05\/VOJSKA2-768x512.jpg 768w, https:\/\/centralmedia.rs\/wp-content\/uploads\/2021\/05\/VOJSKA2-1024x683.jpg 1024w, https:\/\/centralmedia.rs\/wp-content\/uploads\/2021\/05\/VOJSKA2-630x420.jpg 630w, https:\/\/centralmedia.rs\/wp-content\/uploads\/2021\/05\/VOJSKA2-640x427.jpg 640w, https:\/\/centralmedia.rs\/wp-content\/uploads\/2021\/05\/VOJSKA2-681x454.jpg 681w\" sizes=\"(max-width: 2048px) 100vw, 2048px\" \/><\/a>\n\t\t\t<\/div><\/figure>\n\t\t<\/div>\n\n<p>Ugovore je sve\u010dano uru\u010dila Prva potpredsednica Vlade i Ministarka rudarstva i energetike Zorana Mihajlovi\u0107, koja je istakla da op\u0161tine koje su dobile sredstva treba da slu\u017ee kao primer drugim op\u0161tinama:<\/p>\n<p>&#8220;Ove op\u0161tine i gradovi dobili su sredstva jer su bile brze, efikasne i inventivne u svojim projektima i ta\u010dno su znale \u0161ta \u017eele i za koje namene su im potrebna sredstva&#8221; \u2013 rekla je Mihajlovi\u0107 u svom obra\u0107anju.<\/p>\n<p>Svilajnac je jedna od 20 op\u0161tina koja su danas potpisala Ugovore.<\/p>\n","protected":false},"excerpt":{"rendered":"<p>SVILAJNAC-Op\u0161tina Svilajnac potpisala je danas u Vladi Republike Srbije Ugovor sa Ministarstvom rudarstva i energetike o dodeli sredstava koja \u0107e biti iskori\u0161\u0107ena za rekonstrukciju O\u0160 &hellip; <\/p>\n","protected":false},"author":2,"featured_media":26948,"comment_status":"open","ping_status":"open","sticky":false,"template":"","format":"standard","meta":{"footnotes":""},"categories":[1524,2,13,887,12,1517],"tags":[564,2298,497,498],"_links":{"self":[{"href":"https:\/\/centralmedia.rs\/index.php\/wp-json\/wp\/v2\/posts\/26947"}],"collection":[{"href":"https:\/\/centralmedia.rs\/index.php\/wp-json\/wp\/v2\/posts"}],"about":[{"href":"https:\/\/centralmedia.rs\/index.php\/wp-json\/wp\/v2\/types\/post"}],"author":[{"embeddable":true,"href":"https:\/\/centralmedia.rs\/index.php\/wp-json\/wp\/v2\/users\/2"}],"replies":[{"embeddable":true,"href":"https:\/\/centralmedia.rs\/index.php\/wp-json\/wp\/v2\/comments?post=26947"}],"version-history":[{"count":1,"href":"https:\/\/centralmedia.rs\/index.php\/wp-json\/wp\/v2\/posts\/26947\/revisions"}],"predecessor-version":[{"id":26951,"href":"https:\/\/centralmedia.rs\/index.php\/wp-json\/wp\/v2\/posts\/26947\/revisions\/26951"}],"wp:featuredmedia":[{"embeddable":true,"href":"https:\/\/centralmedia.rs\/index.php\/wp-json\/wp\/v2\/media\/26948"}],"wp:attachment":[{"href":"https:\/\/centralmedia.rs\/index.php\/wp-json\/wp\/v2\/media?parent=26947"}],"wp:term":[{"taxonomy":"category","embeddable":true,"href":"https:\/\/centralmedia.rs\/index.php\/wp-json\/wp\/v2\/categories?post=26947"},{"taxonomy":"post_tag","embeddable":true,"href":"https:\/\/centralmedia.rs\/index.php\/wp-json\/wp\/v2\/tags?post=26947"}],"curies":[{"name":"wp","href":"https:\/\/api.w.org\/{rel}","templated":true}]}}