{"id":26959,"date":"2021-05-21T14:30:43","date_gmt":"2021-05-21T12:30:43","guid":{"rendered":"http:\/\/centralmedia.rs\/?p=26959"},"modified":"2021-05-30T16:28:19","modified_gmt":"2021-05-30T14:28:19","slug":"poziv-za-prijavu-za-laboratoriju-kreativnog-preduzetnistva","status":"publish","type":"post","link":"https:\/\/centralmedia.rs\/index.php\/2021\/05\/21\/poziv-za-prijavu-za-laboratoriju-kreativnog-preduzetnistva\/","title":{"rendered":"Poziv za prijavu za Laboratoriju kreativnog preduzetni\u0161tva"},"content":{"rendered":"<p>PARA\u0106IN- Zavi\u010dajni muzej u Para\u0107inu i Institut za kreativno preduzetni\u0161tvo i inovacije \u00a0objavili su poziv za prijavu na Laboratoriju kreativnog preduzetni\u0161tva koji je otvoren za sve zainteresovane iz Pomoravlja &#8211; Para\u0107ina, \u0106uprije, Jagodine, Despotovca i Svilajnca.\u00a0U\u010desnici se mogu prijaviti do 27. maja<\/p>\n<p>Za sve izabrane u\u010desnike njih 40ak u\u010de\u0161\u0107e na laboratoriji je besplatno. Laboratorija se odr\u017eava od 31. maja i 1. Juna 2021. predava\u010dki deo, a radionice od 2. do 7. Juna. U\u010desnici mogu da izaberu do dve radionice na kojima \u0107e usavr\u0161avati svoje kreativne ve\u0161tine \u2013 dekupa\u017e, rad sa tekstilom i vunom, redizajn i oslikavanje stakla i dizajn cvetnih aran\u017emana.<\/p>\n<p>Laboratorija se odvija pod sloganom \u201cKreativnost inspirisana tradicijom\u201d i posve\u0107ena je razvoju preduzetni\u010dkih poduhvata, proizvoda, usluga i projekata koji su inspirisani kulturnim nasle\u0111em Pomoravlja.<\/p>\n<p>Vi\u0161e o na\u010dinu prijavljivanja moze se videti na strancima Muzeja I Institua, I njihovim FB stranicam ili na <a href=\"https:\/\/kreativnaekonomija.com\/lab-kreativnog-preduzetnistva-2021\/\">https:\/\/kreativnaekonomija.com\/lab-kreativnog-preduzetnistva-2021\/<\/a><\/p>\n<p>Program i satnica Laboratorije <a href=\"https:\/\/kreativnaekonomija.com\/wp-content\/uploads\/2021\/05\/Program-2021.pdf\">https:\/\/kreativnaekonomija.com\/wp-content\/uploads\/2021\/05\/Program-2021.pdf<\/a><\/p>\n<p>Za sva dodatna pitanja mo\u017eete se obratiti na mail <a href=\"mailto:kreativnaekonomija@gmail.com\">kreativnaekonomija@gmail.com<\/a><\/p>\n<p>Uz podr\u0161ku Ameri\u010dke Ambasade u Beogradu, ove godine laboratoriju kreativnog preduzetni\u0161tva mo\u0107i \u0107e da poha\u0111a 40 u\u010desnika. Oni \u0107e zajedno sa iskusnim predava\u010dima i uspe\u0161nim preduzetnicima iz Srbije sticati nova znanja o kreativnom preduzetni\u0161tvu, razvoju inovativnih kreativnih proizvoda i usluga, inovacijama koje poti\u010du iz kulturnog nasle\u0111a, ali \u0107e biti u prilici i da razmene iskustva sa uspe\u0161nim kreativnim preduzetnicima poput modne dizajnerke Ane Ljubinkovi\u0107, Antee Arizanovi\u0107 osniva\u010dice studija za porcelan Rimejk, Marijane Star\u010devi\u0107 autorke unikatnih saksija Glinka, Mine Miladinovi\u0107 osniva\u010dice dizajn studija \u201cKoko da\u0161\u201d i Maria Milakovi\u0107a vlasnik boravi\u0161nog muzeja Yugodom.<\/p>\n<p>Branislav Stojanovic kaze \u201cNa laboratoriji u\u010desnici \u0107e nau\u010diti koji to slojevi kulturnog nasle\u0111a pomoravlja mogu da budu inspirativni za razvoj kreativnog preduzetni\u0161tva? Kakva je interakcija kreativnog preduzetni\u0161tva, nematerijalnog kulturnog nasle\u0111a i zanata? \u0160ta je va\u017eno za razvoj kvalitetnih kreativnih proizvoda i usluga? Koje je tr\u017ei\u0161te za plasman ovih proizvoda i usluga?\u00a0 Kako izgleda istra\u017eivanje kulturnog nasle\u0111a i njegovih narativa iz perspektive razvoja kreativnog preduzetni\u0161tva? Ali I da steknu nove ve\u0161tine i znanja za izradu odre\u0111enih proizvoda od stakla, vune i tekstila, dekupa\u017ea ili da se bave dizajnom cve\u0107a.<\/p>\n<p>Interesovanje za Laboratoriju je veliko pa pozivam sve da se sto pre prijave jer je broj mesta ogranicen na 40 polaznika, ali i zbog radionickog dela.<\/p>\n<p>Ovaj projekat je eskperimentalan za Zavi\u010dajni muzej, ali ve\u0107 sada se vidi da ima puno potencijala da bude u funkciji revitalizacije I za\u0161tite nematerijalnog I materijalnog kulturnog nasle\u0111a I o\u010dekujemo da muzej postane svojevrsni art&amp;craft hub za novu generaciju kreativnih preduzetnika u Pomoravlju\u201d.<\/p>\n","protected":false},"excerpt":{"rendered":"<p>PARA\u0106IN- Zavi\u010dajni muzej u Para\u0107inu i Institut za kreativno preduzetni\u0161tvo i inovacije \u00a0objavili su poziv za prijavu na Laboratoriju kreativnog preduzetni\u0161tva koji je otvoren za &hellip; <\/p>\n","protected":false},"author":2,"featured_media":26960,"comment_status":"open","ping_status":"open","sticky":false,"template":"","format":"standard","meta":{"footnotes":""},"categories":[22,1524,2,1516,12],"tags":[5160,156,5161,1929],"_links":{"self":[{"href":"https:\/\/centralmedia.rs\/index.php\/wp-json\/wp\/v2\/posts\/26959"}],"collection":[{"href":"https:\/\/centralmedia.rs\/index.php\/wp-json\/wp\/v2\/posts"}],"about":[{"href":"https:\/\/centralmedia.rs\/index.php\/wp-json\/wp\/v2\/types\/post"}],"author":[{"embeddable":true,"href":"https:\/\/centralmedia.rs\/index.php\/wp-json\/wp\/v2\/users\/2"}],"replies":[{"embeddable":true,"href":"https:\/\/centralmedia.rs\/index.php\/wp-json\/wp\/v2\/comments?post=26959"}],"version-history":[{"count":2,"href":"https:\/\/centralmedia.rs\/index.php\/wp-json\/wp\/v2\/posts\/26959\/revisions"}],"predecessor-version":[{"id":26962,"href":"https:\/\/centralmedia.rs\/index.php\/wp-json\/wp\/v2\/posts\/26959\/revisions\/26962"}],"wp:featuredmedia":[{"embeddable":true,"href":"https:\/\/centralmedia.rs\/index.php\/wp-json\/wp\/v2\/media\/26960"}],"wp:attachment":[{"href":"https:\/\/centralmedia.rs\/index.php\/wp-json\/wp\/v2\/media?parent=26959"}],"wp:term":[{"taxonomy":"category","embeddable":true,"href":"https:\/\/centralmedia.rs\/index.php\/wp-json\/wp\/v2\/categories?post=26959"},{"taxonomy":"post_tag","embeddable":true,"href":"https:\/\/centralmedia.rs\/index.php\/wp-json\/wp\/v2\/tags?post=26959"}],"curies":[{"name":"wp","href":"https:\/\/api.w.org\/{rel}","templated":true}]}}