{"id":27026,"date":"2021-06-01T16:01:25","date_gmt":"2021-06-01T14:01:25","guid":{"rendered":"http:\/\/centralmedia.rs\/?p=27026"},"modified":"2022-01-04T18:28:47","modified_gmt":"2022-01-04T17:28:47","slug":"osvestani-temelji-konaka-novog-manastira-svetog-pajsija-u-jagodini","status":"publish","type":"post","link":"https:\/\/centralmedia.rs\/index.php\/2021\/06\/01\/osvestani-temelji-konaka-novog-manastira-svetog-pajsija-u-jagodini\/","title":{"rendered":"OSVE\u0160TANI TEMELJI KONAKA NOVOG MANASTIRA SVETOG PAJSIJA U JAGODINI"},"content":{"rendered":"<p>JAGODINA- Vladika \u0160umadijski Jovan osve\u0161tao je temelje manastirskog konaka u \u0160uljkovcu kod Jagodine, za\u0161titnik novog manastira bi\u0107e Sveti Pajsije. Manastir \u0107e se nalaziti na brdu \u0106elijan, izme\u0111u planina Juhor i Crni Vrh, na povr\u0161ini od 1,5 hektara koje je poklonilo petoro me\u0161tana.<\/p>\n<p>-\u010covek je taj koji osve\u0107uje mesto, pa onda mesto osve\u0107uje i \u010doveka. Upravo osve\u0161tali mesto i pomolili se bogu i Svetom Pajsiju, da ovo bogougodno delo za\u017eivi za op\u0161te dobro, jer u Jagodini, sem Jo\u0161anice, nemamo manastire, rekao je vladika Jovan.<\/p>\n<p>Re\u010d je o izgradnji novog manastira posle Jo\u0161anice, odnosno posle 700 godina. Inicijator i idejni tvorac je sve\u0161tenik Slavi\u0161a Ili\u0107,stare\u0161ina crkvene op\u0161tine Dragocvet uz veliku podr\u0161ku Crkvenog odbora za izgradnju i svih me\u0161tana koji pripadaju ovoj crkvi.<\/p>\n<p>&nbsp;<\/p>\n","protected":false},"excerpt":{"rendered":"<p>JAGODINA- Vladika \u0160umadijski Jovan osve\u0161tao je temelje manastirskog konaka u \u0160uljkovcu kod Jagodine, za\u0161titnik novog manastira bi\u0107e Sveti Pajsije. Manastir \u0107e se nalaziti na brdu &hellip; <\/p>\n","protected":false},"author":2,"featured_media":27027,"comment_status":"open","ping_status":"open","sticky":false,"template":"","format":"standard","meta":{"footnotes":""},"categories":[14,1524,2,5643,1514,887,12],"tags":[58,3338,5172,5171,5173],"_links":{"self":[{"href":"https:\/\/centralmedia.rs\/index.php\/wp-json\/wp\/v2\/posts\/27026"}],"collection":[{"href":"https:\/\/centralmedia.rs\/index.php\/wp-json\/wp\/v2\/posts"}],"about":[{"href":"https:\/\/centralmedia.rs\/index.php\/wp-json\/wp\/v2\/types\/post"}],"author":[{"embeddable":true,"href":"https:\/\/centralmedia.rs\/index.php\/wp-json\/wp\/v2\/users\/2"}],"replies":[{"embeddable":true,"href":"https:\/\/centralmedia.rs\/index.php\/wp-json\/wp\/v2\/comments?post=27026"}],"version-history":[{"count":1,"href":"https:\/\/centralmedia.rs\/index.php\/wp-json\/wp\/v2\/posts\/27026\/revisions"}],"predecessor-version":[{"id":27028,"href":"https:\/\/centralmedia.rs\/index.php\/wp-json\/wp\/v2\/posts\/27026\/revisions\/27028"}],"wp:featuredmedia":[{"embeddable":true,"href":"https:\/\/centralmedia.rs\/index.php\/wp-json\/wp\/v2\/media\/27027"}],"wp:attachment":[{"href":"https:\/\/centralmedia.rs\/index.php\/wp-json\/wp\/v2\/media?parent=27026"}],"wp:term":[{"taxonomy":"category","embeddable":true,"href":"https:\/\/centralmedia.rs\/index.php\/wp-json\/wp\/v2\/categories?post=27026"},{"taxonomy":"post_tag","embeddable":true,"href":"https:\/\/centralmedia.rs\/index.php\/wp-json\/wp\/v2\/tags?post=27026"}],"curies":[{"name":"wp","href":"https:\/\/api.w.org\/{rel}","templated":true}]}}