{"id":27030,"date":"2021-06-01T19:12:21","date_gmt":"2021-06-01T17:12:21","guid":{"rendered":"http:\/\/centralmedia.rs\/?p=27030"},"modified":"2022-01-04T18:28:39","modified_gmt":"2022-01-04T17:28:39","slug":"palma-sramota-dragan-dilas-tukao-zenu-zbog-alimentacije-a-danas-govori-o-alimentacionom-fondu","status":"publish","type":"post","link":"https:\/\/centralmedia.rs\/index.php\/2021\/06\/01\/palma-sramota-dragan-dilas-tukao-zenu-zbog-alimentacije-a-danas-govori-o-alimentacionom-fondu\/","title":{"rendered":"PALMA : SRAMOTA! DRAGAN \u0110ILAS TUKAO \u017dENU ZBOG ALIMENTACIJE A DANAS GOVORI O ALIMENTACIONOM FONDU"},"content":{"rendered":"<p>Predsednik Jedinstvene Srbije Dragan Markovi\u0107 Palma prokomentarisao je dana\u0161nju konferenciju za novinare u prostorijama Stranke slobode i pravde.<\/p>\n<div id='gallery-1' class='gallery galleryid-27030 gallery-columns-3 gallery-size-full'><figure class='gallery-item'>\n\t\t\t<div class='gallery-icon portrait'>\n\t\t\t\t<a href='https:\/\/centralmedia.rs\/index.php\/2021\/06\/01\/palma-sramota-dragan-dilas-tukao-zenu-zbog-alimentacije-a-danas-govori-o-alimentacionom-fondu\/djilas-3\/'><img loading=\"lazy\" decoding=\"async\" width=\"651\" height=\"960\" src=\"https:\/\/centralmedia.rs\/wp-content\/uploads\/2021\/06\/djilas.jpg\" class=\"attachment-full size-full\" alt=\"\" srcset=\"https:\/\/centralmedia.rs\/wp-content\/uploads\/2021\/06\/djilas.jpg 651w, https:\/\/centralmedia.rs\/wp-content\/uploads\/2021\/06\/djilas-203x300.jpg 203w, https:\/\/centralmedia.rs\/wp-content\/uploads\/2021\/06\/djilas-285x420.jpg 285w, https:\/\/centralmedia.rs\/wp-content\/uploads\/2021\/06\/djilas-640x944.jpg 640w\" sizes=\"(max-width: 651px) 100vw, 651px\" \/><\/a>\n\t\t\t<\/div><\/figure><figure class='gallery-item'>\n\t\t\t<div class='gallery-icon portrait'>\n\t\t\t\t<a href='https:\/\/centralmedia.rs\/index.php\/2021\/06\/01\/palma-sramota-dragan-dilas-tukao-zenu-zbog-alimentacije-a-danas-govori-o-alimentacionom-fondu\/djilas1\/'><img loading=\"lazy\" decoding=\"async\" width=\"607\" height=\"960\" src=\"https:\/\/centralmedia.rs\/wp-content\/uploads\/2021\/06\/djilas1.jpg\" class=\"attachment-full size-full\" alt=\"\" srcset=\"https:\/\/centralmedia.rs\/wp-content\/uploads\/2021\/06\/djilas1.jpg 607w, https:\/\/centralmedia.rs\/wp-content\/uploads\/2021\/06\/djilas1-190x300.jpg 190w, https:\/\/centralmedia.rs\/wp-content\/uploads\/2021\/06\/djilas1-266x420.jpg 266w\" sizes=\"(max-width: 607px) 100vw, 607px\" \/><\/a>\n\t\t\t<\/div><\/figure><figure class='gallery-item'>\n\t\t\t<div class='gallery-icon portrait'>\n\t\t\t\t<a href='https:\/\/centralmedia.rs\/index.php\/2021\/06\/01\/palma-sramota-dragan-dilas-tukao-zenu-zbog-alimentacije-a-danas-govori-o-alimentacionom-fondu\/djilas2\/'><img loading=\"lazy\" decoding=\"async\" width=\"640\" height=\"1304\" src=\"https:\/\/centralmedia.rs\/wp-content\/uploads\/2021\/06\/djilas2.jpg\" class=\"attachment-full size-full\" alt=\"\" srcset=\"https:\/\/centralmedia.rs\/wp-content\/uploads\/2021\/06\/djilas2.jpg 640w, https:\/\/centralmedia.rs\/wp-content\/uploads\/2021\/06\/djilas2-147x300.jpg 147w, https:\/\/centralmedia.rs\/wp-content\/uploads\/2021\/06\/djilas2-503x1024.jpg 503w, https:\/\/centralmedia.rs\/wp-content\/uploads\/2021\/06\/djilas2-206x420.jpg 206w\" sizes=\"(max-width: 640px) 100vw, 640px\" \/><\/a>\n\t\t\t<\/div><\/figure>\n\t\t<\/div>\n\n<p>&#8221; Ja sam vi\u0111ao u \u017eivotu da ljudi nemaju ni trunku stida i srama ali je Dragan \u0110ilas danas prevazi\u0161ao sve do sada. Taj dokazani siled\u017eija, koji je tukao biv\u0161u suprugu Ivu \u0110ilas i njenog oca, i to sve pred decom, i naneo im te\u0161ke telesne povrede, taj nasilnik koji je pretio biv\u0161oj \u017eeni da \u0107e joj odrubiti glavu, a sve zbog toga \u0161to je \u017eeleo da izbegne da plati alimentaciju, danas je isturio svog najpla\u0107enijeg radnika da dr\u017ei konferenciju za novinare i da se zala\u017eu za formiranje alimentacionog fonda. Jo\u0161 ka\u017eu \u017eelimo da ti nevidljivi ljudi, samohrani roditelji postanu vidljivi. Jel to treba da se radi kao \u0161to si ti radio \u0110ilase, tako \u0161to si sakrio u nekoj fioci Slu\u017ebenu bele\u0161ku u kojoj te biv\u0161a \u017eena Iva \u0110ilas optu\u017euje za nasilje u porodici? Jesi li sakrivanjem te Slu\u017ebene bele\u0161ke u\u010dinio svoju biv\u0161u suprugu, vidljivijom. Ili si tako sakrio i nju i zlo\u010din koji si u\u010dinio prema njoj, njenom ocu i deci koja su sve to gledala? Kakav si ti licemer Dragane \u0110ilase! Sramota je da se nasilnik kao ti la\u017eno predstavlja kao tobo\u017e borac za demokratiju, pravdu, prava \u017eena i samohranih roditelja. Je li to tvoja demokratija da upada\u0161 sa testerom u javni servis, da preti\u0161 policiji, studentima. Da li je pravda to \u0161to uti\u010de\u0161 na institucije da ne reaguju na prijavljeno nasilje koje si u\u010dinio prema biv\u0161oj porodici, da li je tvoj na\u010din borbe za prava \u017eena tako \u0161to ih tu\u010de\u0161 i preti\u0161 da \u0107e\u0161 im odrubiti glavu i da li je tvoje zalaganje za alimentacioni fond kako bi svoju obavezu da pla\u0107a\u0161 alimentaciju preneo na dr\u017eavu jer ti mnogo te\u0161ko pada da odvoji\u0161 neku crkavicu za svoju biv\u0161u porodicu. Sram te bilo licemeru!<\/p>\n<p>Narod u Srbiji dobro zna ko si ti Dragane \u0110ilase. Zato ti be\u017ei\u0161 od naroda i la\u017eima truje\u0161 evropske institucije i zvani\u010dnike i preko njih poku\u0161ava\u0161 da protiv volje naroda do\u0111e\u0161 na vlast. Zato \u0107u \u0110ilase svim evropskim institucijama, po\u010dev od Evropskog parlamenta poslati pravu istinu o tebi, tako \u0161to \u0107u dokumentima pokazati ko si zapravo ti, da si sve suprotno od onoga za \u0161ta se predstavlja\u0161 licemeru.<\/p>\n<p>Sutra \u0107u podneti i krivi\u010dnu prijavu da se utvrdi istina o tome kako si zata\u0161kao Slu\u017ebenu bele\u0161ku koju je potpisala tvoja biv\u0161a \u017eena.<\/p>\n<p>I za razliku od tebe koji i danas preko svoje radnice i preko svojih medija la\u017ee\u0161 o meni, ja \u0107u sve dokazati u institucijama na\u0161e dr\u017eave i dokumentima i istinom&#8221; izjavio je Markovi\u0107 reaguju\u0107i na dana\u0161nju konferenciju za novinare \u0110ilasove stranke.<\/p>\n<p>U prilogu je Slu\u017ebena bele\u0161ka koju je potpisala Iva \u0110ilas i tekstovi Kurira u kojima stoji da je razlog za nasilje koje je izvr\u0161io \u0110ilas upravo alimentacija.<\/p>\n<p>&nbsp;<\/p>\n<p><a href=\"https:\/\/l.facebook.com\/l.php?u=https%3A%2F%2Fwww.kurir.rs%2Fvesti%2Fpolitika%2F1634372%2Fjaci-od-zakona-dilas-bije-a-svi-u-drzavi-cute%3Ffbclid%3DIwAR3iVMjYvVQd6VIstEZSfJdCbiNGrcVJMLWpMVxdnR5VU5oMM7Y-UZceDns&amp;h=AT050dStHCHoKOS8fKtqeEWxgjeatjkTfc6-Q_17QGLjE9koFpwY-yQuWHDfElxozssL1G2Cxi2eh9aAPMToXqGQd0YCuFR_Gl9UAp7-STiqkcGanK2uH-46QFk_5etEGg&amp;__tn__=-UK-R&amp;c%5b0%5d=AT2Un-PUJ_clXrqvPSbaakp-1uch6yjcvbovzvCIEitub2GU-yvjFRachsgwxxD1OuH1gFRHFPtMr8dwNaON9QEKpOm1MckJJyO_Jc9t_sjZobIlos1LR0XKVDmRqRE-TIRgjEj3VEXIo2QOn3NnPDVuKzVxjhfOlA7LHJlDQCOgLJk\">https:\/\/www.kurir.rs\/&#8230;\/jaci-od-zakona-dilas-bije-a-svi&#8230;<\/a><\/p>\n<p><a href=\"https:\/\/www.kurir.rs\/vesti\/politika\/3339681\/ispovest-bivse-zene-dragana-djilasa-oca-i-mene-tukao-pred-detetom-cak-me-i-trudnu-maltretirao-pretio-je-da-ce-mi-odrubiti-glavu-batinama-hteo-da-izbegne-placanje-alimentacije?fbclid=IwAR3v9wOWuVZ6FPAaB7OvKbh_ZpTVZBJg3nxmSg5WlH2CWULmjqXxx7YNUAU\">https:\/\/www.kurir.rs\/&#8230;\/ispovest-bivse-zene-dragana&#8230;<\/a><\/p>\n<p>&nbsp;<\/p>\n<p>Na dana\u0161njoj konferenciji za novinare u prostorijama Stranke slobode i pravde najavljeno je da \u0107e naredne subote u Jagodini, organizacije za za\u0161titu \u017ertava seksualnog nasilja, trgovine ljudima i prava \u017eena, sprovesti akciju informisanja gra\u0111ana o njihovim pravima i upute ih na kontakt telefone za podr\u0161ku.<\/p>\n<p>\u201cNakon na\u0161eg prvog odlaska u Jagodinu, udru\u017eile su se razli\u010dite organizacije, pre svega tu su Inicijativa Ne davimo Beograd, Astra i Autonomni \u017eenski centar, ali i brojni aktivisti pojedina\u010dno. Mi smo na\u010delno formirali ne\u0161to \u0161to se zove \u201cNezavisna \u017eenska grupa\u201d i nastavljamo dalje da obilazimo mesta po Srbiji\u201d, istakla je Aida \u0106orovi\u0107.<\/p>\n<p>Potpredsednica Stranke slobode i pravde i politi\u010darka Marinika Tepi\u0107, rekla je da podr\u017eava akciju.<\/p>\n<p>\u201cTu\u017eiteljka u Kraljevu mi je delovala kao neko ko odli\u010dno radi svoj posao. Oni moraju da iza\u0111u u jednom momentu i da ka\u017eu da li ima osnova za pokretanje postupka protiv Palme\u201d, istakla je ona.<\/p>\n","protected":false},"excerpt":{"rendered":"<p>Predsednik Jedinstvene Srbije Dragan Markovi\u0107 Palma prokomentarisao je dana\u0161nju konferenciju za novinare u prostorijama Stranke slobode i pravde. &#8221; Ja sam vi\u0111ao u \u017eivotu da &hellip; <\/p>\n","protected":false},"author":2,"featured_media":27031,"comment_status":"open","ping_status":"open","sticky":false,"template":"","format":"standard","meta":{"footnotes":""},"categories":[1524,2,1514,5643,13,887,12],"tags":[5174,5076,1485,120,5077],"_links":{"self":[{"href":"https:\/\/centralmedia.rs\/index.php\/wp-json\/wp\/v2\/posts\/27030"}],"collection":[{"href":"https:\/\/centralmedia.rs\/index.php\/wp-json\/wp\/v2\/posts"}],"about":[{"href":"https:\/\/centralmedia.rs\/index.php\/wp-json\/wp\/v2\/types\/post"}],"author":[{"embeddable":true,"href":"https:\/\/centralmedia.rs\/index.php\/wp-json\/wp\/v2\/users\/2"}],"replies":[{"embeddable":true,"href":"https:\/\/centralmedia.rs\/index.php\/wp-json\/wp\/v2\/comments?post=27030"}],"version-history":[{"count":4,"href":"https:\/\/centralmedia.rs\/index.php\/wp-json\/wp\/v2\/posts\/27030\/revisions"}],"predecessor-version":[{"id":27037,"href":"https:\/\/centralmedia.rs\/index.php\/wp-json\/wp\/v2\/posts\/27030\/revisions\/27037"}],"wp:featuredmedia":[{"embeddable":true,"href":"https:\/\/centralmedia.rs\/index.php\/wp-json\/wp\/v2\/media\/27031"}],"wp:attachment":[{"href":"https:\/\/centralmedia.rs\/index.php\/wp-json\/wp\/v2\/media?parent=27030"}],"wp:term":[{"taxonomy":"category","embeddable":true,"href":"https:\/\/centralmedia.rs\/index.php\/wp-json\/wp\/v2\/categories?post=27030"},{"taxonomy":"post_tag","embeddable":true,"href":"https:\/\/centralmedia.rs\/index.php\/wp-json\/wp\/v2\/tags?post=27030"}],"curies":[{"name":"wp","href":"https:\/\/api.w.org\/{rel}","templated":true}]}}