{"id":27069,"date":"2021-06-05T21:02:15","date_gmt":"2021-06-05T19:02:15","guid":{"rendered":"http:\/\/centralmedia.rs\/?p=27069"},"modified":"2022-01-04T18:27:45","modified_gmt":"2022-01-04T17:27:45","slug":"palma-verujemo-da-kancelarija-kosova-u-atini-nece-prerasti-u-ambasadu-kukidimos-ne-postoji-nikakva-sansa-da-priznamo-nezavisnost-kosova","status":"publish","type":"post","link":"https:\/\/centralmedia.rs\/index.php\/2021\/06\/05\/palma-verujemo-da-kancelarija-kosova-u-atini-nece-prerasti-u-ambasadu-kukidimos-ne-postoji-nikakva-sansa-da-priznamo-nezavisnost-kosova\/","title":{"rendered":"PALMA : VERUJEMO DA KANCELARIJA KOSOVA U ATINI NE\u0106E PRERASTI U AMBASADU KUKIDIMOS :  NE POSTOJI NIKAKVA \u0160ANSA DA PRIZNAMO NEZAVISNOST KOSOVA"},"content":{"rendered":"<p>KATERINI-U glavnom gradu regije Pierija Katerini, danas je gradona\u010delnik Katerini Konstantinos Kukidimos priredio prijem za srpsku delegaciju na \u010delu sa Draganom Markovi\u0107em Palmom. &#8220;Znamo da Gr\u010dka trpi veliki pritisak dela medjunarodne zajednice da prizna takozvano nezavisno Kosovo, ali ja sam siguran da Gr\u010dka to ne\u0107e uraditi. Srbija sa strahom gleda na \u010dinjenicu da je Kancelarija Kosova za trgovinske odnose, koja je u Atini otvorena 2018., prerasla u Kancelariju za kosovske interese i ima politi\u010dki nivo do nivoa saradnje sa direkcijom ministarstva. Dobro je \u0161to Gr\u010dka nije dozvolila isticanje bilo kakvih simbola la\u017ene dr\u017eave Kosovo. Ja verujem da Kancelarija Kosova u Atini ne\u0107e prerasti u ambasadu i ja molim Gr\u010dku, ne da zastupa interese Srbije, vec medjunarodno pravo u pravdu \u0161to je na srpskoj strani&#8221;, rekao je Dragan Markovi\u0107 Palma.<\/p>\n<p><img loading=\"lazy\" decoding=\"async\" class=\"alignnone wp-image-27070 size-large\" src=\"http:\/\/centralmedia.rs\/wp-content\/uploads\/2021\/06\/palma-1018x1024.jpg\" alt=\"\" width=\"640\" height=\"644\" srcset=\"https:\/\/centralmedia.rs\/wp-content\/uploads\/2021\/06\/palma.jpg 1018w, https:\/\/centralmedia.rs\/wp-content\/uploads\/2021\/06\/palma-150x150.jpg 150w, https:\/\/centralmedia.rs\/wp-content\/uploads\/2021\/06\/palma-298x300.jpg 298w, https:\/\/centralmedia.rs\/wp-content\/uploads\/2021\/06\/palma-768x773.jpg 768w, https:\/\/centralmedia.rs\/wp-content\/uploads\/2021\/06\/palma-418x420.jpg 418w, https:\/\/centralmedia.rs\/wp-content\/uploads\/2021\/06\/palma-640x644.jpg 640w, https:\/\/centralmedia.rs\/wp-content\/uploads\/2021\/06\/palma-681x685.jpg 681w\" sizes=\"(max-width: 640px) 100vw, 640px\" \/><\/p>\n<p>Gradona\u010delnik Katerini i biv\u0161i narodni poslanik, ina\u010de \u010dlan Nove demokratije premijera Micotakisa, rekao je da ne postoje \u0161anse da Gr\u010dka prizna nezavisnost Kosova. &#8220;Ja sam ju\u010de razgovarao sa nekoliko ministara iz Vlade Gr\u010dke i ne postoji nikakva \u0161ansa da priznamo nezavisnost Kosova. Nas sa Srbijom ve\u017eu istorija, vera i prijateljstvo. Ja verujem u Vladu premijera Micotakisa, koja \u010duva svoje stare prijatelje i stvara nove&#8221; rekao je gradona\u010delnik Katerini Konstantinos Kukidimos.<\/p>\n<p>PALMA : OTVORITE EVZONI DA RADI NON STOP<\/p>\n<p>&#8220;Molim gr\u010dke vlasti da donesu odluku da grani\u010dni prelaz Evzoni izmedju Severne Makedonije i Gr\u010dke otvore za rad od 0 do 24, a ne kao sada do 22 i od 7 sati, kako se ne bi stvarale i gu\u017eve koje su poslednjih dana dovele do velikih \u010dekanja na granici&#8221; rekao je Markovi\u0107 , koji je i po\u010dasni konzul Gr\u010dke u Srbiji. Markovi\u0107 je svog doma\u0107ina upoznao sa 600 &#8211; \u010dlanom delegacijom iz Srbije, koja ovih dana boravi u Paraliji. &#8220;Lekari i svi na\u0161i zdravstveni radnici su na\u0161i heroji i po meni oni treba da dobiju status kao oni ratnici koji su oslobadjali Srbiju u 1. i 2. svetskom ratu&#8221; kazao je Markovi\u0107 i preneo svojim gr\u010dkim doma\u0107inima pozdrave predsednika Srbije Aleksandra Vu\u010di\u0107a i predsednika Skup\u0161tine Srbije Ivice Da\u010di\u0107a .&#8221; Srbija danas ima medjunarodnu popularnost, ekonomsku stabilnost i zdravstvenu sigurnost&#8221;, poru\u010dio je Markovi\u0107 i pozvao na ja\u010danje ekonomskih odnosa izmedju dve zemlje. &#8220;Saradnja mora biti dvosmerna. Srpski turisti su izgradili jedno 10 Paralija i Gr\u010dka treba da da prioritet srpskim proizvodima prilikom uvoza&#8221; rekao je Markovi\u0107. Gradona\u010delnik Katerinija je rekao da je dolazak Dragana Markovi\u0107a Palme u Katerini uvek radostan dan za taj grad jer, kako je rekao, Markovi\u0107 ne samo da je po\u010dasni gradjanin Katerinija, vec i po\u010dasni konzul Gr\u010dke u Srbiiji i veliki prijatelj Gr\u010dke .<\/p>\n<p>Gradona\u010delnik Kukidimos poklonio je predsedniku Markovi\u0107u repliku ikone Majke Bo\u017eije Dostojno Jeste.<\/p>\n<p>U srpskoj delegaciji u zvani\u010dnoj poseti gradona\u010delniku Katerinija, bili su u narodni poslanici Jedinstvene Srbije \u017divota Star\u010devi\u0107 i Djordje Kosani\u0107u , na\u010delnik Pomoravskog okruga Goran Milosavljevi\u0107 , kao\u00a0 i 15 lekara, koliko je bilo dozvoljeno u skladu sa epidemiolo\u0161kim merama.<\/p>\n<p>&nbsp;<\/p>\n","protected":false},"excerpt":{"rendered":"<p>KATERINI-U glavnom gradu regije Pierija Katerini, danas je gradona\u010delnik Katerini Konstantinos Kukidimos priredio prijem za srpsku delegaciju na \u010delu sa Draganom Markovi\u0107em Palmom. &#8220;Znamo da &hellip; <\/p>\n","protected":false},"author":2,"featured_media":27076,"comment_status":"open","ping_status":"open","sticky":false,"template":"","format":"standard","meta":{"footnotes":""},"categories":[2,5643,13,887,12],"tags":[3532,4246,120],"_links":{"self":[{"href":"https:\/\/centralmedia.rs\/index.php\/wp-json\/wp\/v2\/posts\/27069"}],"collection":[{"href":"https:\/\/centralmedia.rs\/index.php\/wp-json\/wp\/v2\/posts"}],"about":[{"href":"https:\/\/centralmedia.rs\/index.php\/wp-json\/wp\/v2\/types\/post"}],"author":[{"embeddable":true,"href":"https:\/\/centralmedia.rs\/index.php\/wp-json\/wp\/v2\/users\/2"}],"replies":[{"embeddable":true,"href":"https:\/\/centralmedia.rs\/index.php\/wp-json\/wp\/v2\/comments?post=27069"}],"version-history":[{"count":4,"href":"https:\/\/centralmedia.rs\/index.php\/wp-json\/wp\/v2\/posts\/27069\/revisions"}],"predecessor-version":[{"id":27078,"href":"https:\/\/centralmedia.rs\/index.php\/wp-json\/wp\/v2\/posts\/27069\/revisions\/27078"}],"wp:featuredmedia":[{"embeddable":true,"href":"https:\/\/centralmedia.rs\/index.php\/wp-json\/wp\/v2\/media\/27076"}],"wp:attachment":[{"href":"https:\/\/centralmedia.rs\/index.php\/wp-json\/wp\/v2\/media?parent=27069"}],"wp:term":[{"taxonomy":"category","embeddable":true,"href":"https:\/\/centralmedia.rs\/index.php\/wp-json\/wp\/v2\/categories?post=27069"},{"taxonomy":"post_tag","embeddable":true,"href":"https:\/\/centralmedia.rs\/index.php\/wp-json\/wp\/v2\/tags?post=27069"}],"curies":[{"name":"wp","href":"https:\/\/api.w.org\/{rel}","templated":true}]}}