{"id":27101,"date":"2021-06-06T12:54:46","date_gmt":"2021-06-06T10:54:46","guid":{"rendered":"http:\/\/centralmedia.rs\/?p=27101"},"modified":"2021-06-08T16:49:43","modified_gmt":"2021-06-08T14:49:43","slug":"palma-trazicu-od-grcke-da-ukine-obavezan-pcr-test-za-gradjane-srbije","status":"publish","type":"post","link":"https:\/\/centralmedia.rs\/index.php\/2021\/06\/06\/palma-trazicu-od-grcke-da-ukine-obavezan-pcr-test-za-gradjane-srbije\/","title":{"rendered":"PALMA : TRAZI\u0106U OD GR\u010cKE DA UKINE OBAVEZAN PCR TEST ZA GRADJANE SRBIJE (Foto)"},"content":{"rendered":"<p>&#8220;Danas otvaramo Kancelariju Jedinstvene Srbije u Paraliji i ovo je sedma godina kako radi Kancelarija Jedinstvene Srbije u Paraliji. Prosle godine smo imali pauzu zbog korone. Ove godine doveli smo u Paraliju 600 ljudi, od toga 500 lekara iz 25 zdravstvenih ustanova od Novog Sada do Pre\u0161eva. Mi smo navikli kada otvaramo Kancelariju u Paraliji da bude prisutno od 4000 do 7000 ljudi, ali ovaj puta je to izostalo zbog epidemiolo\u0161kih mera u Gr\u010dkoj i ja se izvinjavam onim gradjanima iz Srbije koji su navikli da dodju, ali zbog mera nismo mogli da organizujemo kao svake godine i da zaigraju srpsko kolo na ulici u Paraliji&#8221; , rekao je predsednik Jedinstvene Srbije na otvaranju Kancelarije te stranke u Pataliji. &#8220;Kancelarija Jedinstvene Srbije u Paraliji nikada se nije bavila politikom. Ovo je srpska ku\u0107a za sve turiste iz Srbije i nikada nismo tra\u017eili da li je neko \u010dlan neke partije ili da se u\u010dlani u Jedinstvenu Srbiju, ako mu na\u0161a partija u\u010dini neku uslugu. Mi smo se pona\u0161ali kao doktori u skladu sa Hipokratovom zakletvom. Ko god se javio, ova Kancelarija mu je pomogla. De\u0161avalo se da neko mora da se vrati ranije ku\u0107i zbog nekog problema i mi smo tu pomagali, a imali smo slu\u010dajeva i te\u0161kih saobra\u0107ajnih nesre\u0107a , da ljudima obezbedimo i sanitetsko vozilo do Soluna, a kasnije dolazi sanitet iz Srbije i prevozi te na\u0161e gradjane do bolnica u Srbiji. Svake godine u ovu Kancelariju svrati izmedju 30 000 i 35 000 ljudi. Svi koji ovde svrate dobiju srpsku dunju rakiju, sok, kafu i da upoznaju gradjane iz drugih delova Srbije i da u na\u0161oj Kancelariji gledaju sportske prenose i navijaju za na\u0161u reprezentaciju i na\u0161e klubove&#8221; izjavio je Markovi\u0107 . &#8220;Mi imamo maksimalnu podr\u0161ku i gradona\u010delnika grada Katerini kome pripada Paralija i svih institucija u Gr\u010dkoj . Poslednjih dana gradjani Srbije su \u010duli da \u0107e Grcka mo\u017eda da prizna nezavisno Kosovo i tu informaciju, koja nije bila ta\u010dna , smo ispravili i dobili potvrdu gr\u010dkih zvani\u010dnika da se to ne\u0107e desiti. Srpski i gr\u010dki narod su veliki prijatelji, ali nije dovoljno samo da se dru\u017eimo , ve\u0107 i da poja\u010damo ekonomsku saradnju. 2019. godine sam tra\u017eio da oni turisti iz Srbije koji dodju vi\u0161e puta u isto odmarali\u0161te , da imaju poseban status i ni\u017eu cenu hotelskih usluga i imao sam obe\u0107anja ministarstva iz gr\u010dke regije Makedonije sa sedi\u0161tem u Solunu za to, ali se desila korona i ostalo je da se to re\u0161i&#8221; ka\u017ee Markovi\u0107 .<\/p>\n<p>&#8221; Sada je ogtoman problem sa ulazom u Gr\u010dku , jer granica i prelaz Evzoni radi do 23 sata pa pravi pauzu do 07. Gradjani Srbije ne smeju da \u010dekaju na prelazu Evzoni zato \u0161to ce ove godine najvi\u0161e turista od svih dr\u017eava , koji dolaze u Gr\u010dku , biti iz Srbije. \u0160ta je jo\u0161 problem, Gr\u010dka treba da oslobodi srpske turiste obaveznog PCR testa i da oni na svoju zdravstvenu odgovornost donesu odluku da li \u0107e da dodju. PCR test ko\u0161ta 80 evra u Srbiji, kao i u drugim dr\u017eavama i onda za \u010detvero\u010dlanu porodicu treba 320 evra za PCR testove, a za te pare mogu da iznajme apartman u Gr\u010dkoj za letovanje. Uputi\u0107u pismeni zahtev za to nadle\u017enoj instituciji u Gr\u010dkoj . Gr\u010dka jeste \u010dlan Evropske unije, i mora da po\u0161tuje pravila Evropske unije, ali ne i sve preporuke&#8221;, istakao je predsednik Jedinstvene Srbije.<\/p>\n<div id='gallery-1' class='gallery galleryid-27101 gallery-columns-8 gallery-size-thumbnail'><figure class='gallery-item'>\n\t\t\t<div class='gallery-icon landscape'>\n\t\t\t\t<a href='https:\/\/centralmedia.rs\/index.php\/2021\/06\/06\/palma-trazicu-od-grcke-da-ukine-obavezan-pcr-test-za-gradjane-srbije\/img_20210605_185640\/'><img loading=\"lazy\" decoding=\"async\" width=\"150\" height=\"150\" src=\"https:\/\/centralmedia.rs\/wp-content\/uploads\/2021\/06\/IMG_20210605_185640-150x150.jpg\" class=\"attachment-thumbnail size-thumbnail\" alt=\"\" \/><\/a>\n\t\t\t<\/div><\/figure><figure class='gallery-item'>\n\t\t\t<div class='gallery-icon landscape'>\n\t\t\t\t<a href='https:\/\/centralmedia.rs\/index.php\/2021\/06\/06\/palma-trazicu-od-grcke-da-ukine-obavezan-pcr-test-za-gradjane-srbije\/img_20210605_190149\/'><img loading=\"lazy\" decoding=\"async\" width=\"150\" height=\"150\" src=\"https:\/\/centralmedia.rs\/wp-content\/uploads\/2021\/06\/IMG_20210605_190149-150x150.jpg\" class=\"attachment-thumbnail size-thumbnail\" alt=\"\" \/><\/a>\n\t\t\t<\/div><\/figure><figure class='gallery-item'>\n\t\t\t<div class='gallery-icon landscape'>\n\t\t\t\t<a href='https:\/\/centralmedia.rs\/index.php\/2021\/06\/06\/palma-trazicu-od-grcke-da-ukine-obavezan-pcr-test-za-gradjane-srbije\/img_20210605_190851\/'><img loading=\"lazy\" decoding=\"async\" width=\"150\" height=\"150\" src=\"https:\/\/centralmedia.rs\/wp-content\/uploads\/2021\/06\/IMG_20210605_190851-150x150.jpg\" class=\"attachment-thumbnail size-thumbnail\" alt=\"\" \/><\/a>\n\t\t\t<\/div><\/figure><figure class='gallery-item'>\n\t\t\t<div class='gallery-icon landscape'>\n\t\t\t\t<a href='https:\/\/centralmedia.rs\/index.php\/2021\/06\/06\/palma-trazicu-od-grcke-da-ukine-obavezan-pcr-test-za-gradjane-srbije\/img_20210605_190904\/'><img loading=\"lazy\" decoding=\"async\" width=\"150\" height=\"150\" src=\"https:\/\/centralmedia.rs\/wp-content\/uploads\/2021\/06\/IMG_20210605_190904-150x150.jpg\" class=\"attachment-thumbnail size-thumbnail\" alt=\"\" \/><\/a>\n\t\t\t<\/div><\/figure><figure class='gallery-item'>\n\t\t\t<div class='gallery-icon landscape'>\n\t\t\t\t<a href='https:\/\/centralmedia.rs\/index.php\/2021\/06\/06\/palma-trazicu-od-grcke-da-ukine-obavezan-pcr-test-za-gradjane-srbije\/img_20210605_190906\/'><img loading=\"lazy\" decoding=\"async\" width=\"150\" height=\"150\" src=\"https:\/\/centralmedia.rs\/wp-content\/uploads\/2021\/06\/IMG_20210605_190906-150x150.jpg\" class=\"attachment-thumbnail size-thumbnail\" alt=\"\" \/><\/a>\n\t\t\t<\/div><\/figure><figure class='gallery-item'>\n\t\t\t<div class='gallery-icon landscape'>\n\t\t\t\t<a href='https:\/\/centralmedia.rs\/index.php\/2021\/06\/06\/palma-trazicu-od-grcke-da-ukine-obavezan-pcr-test-za-gradjane-srbije\/img_20210605_191445\/'><img loading=\"lazy\" decoding=\"async\" width=\"150\" height=\"150\" src=\"https:\/\/centralmedia.rs\/wp-content\/uploads\/2021\/06\/IMG_20210605_191445-150x150.jpg\" class=\"attachment-thumbnail size-thumbnail\" alt=\"\" \/><\/a>\n\t\t\t<\/div><\/figure><figure class='gallery-item'>\n\t\t\t<div class='gallery-icon landscape'>\n\t\t\t\t<a href='https:\/\/centralmedia.rs\/index.php\/2021\/06\/06\/palma-trazicu-od-grcke-da-ukine-obavezan-pcr-test-za-gradjane-srbije\/img_20210605_191548\/'><img loading=\"lazy\" decoding=\"async\" width=\"150\" height=\"150\" src=\"https:\/\/centralmedia.rs\/wp-content\/uploads\/2021\/06\/IMG_20210605_191548-150x150.jpg\" class=\"attachment-thumbnail size-thumbnail\" alt=\"\" \/><\/a>\n\t\t\t<\/div><\/figure><figure class='gallery-item'>\n\t\t\t<div class='gallery-icon landscape'>\n\t\t\t\t<a href='https:\/\/centralmedia.rs\/index.php\/2021\/06\/06\/palma-trazicu-od-grcke-da-ukine-obavezan-pcr-test-za-gradjane-srbije\/img_20210605_191607\/'><img loading=\"lazy\" decoding=\"async\" width=\"150\" height=\"150\" src=\"https:\/\/centralmedia.rs\/wp-content\/uploads\/2021\/06\/IMG_20210605_191607-150x150.jpg\" class=\"attachment-thumbnail size-thumbnail\" alt=\"\" \/><\/a>\n\t\t\t<\/div><\/figure>\n\t\t<\/div>\n\n<p>ZAHVALJUJU\u0106I VIZIJI PREDSEDNIKA SRBIJE ALEKSANDRA VU\u010cI\u0106A , SRBIJA JE DANAS CENJENA I PO\u0160TOVANA U CELOM SVETU<\/p>\n<p>&nbsp;<\/p>\n<p>&#8220;Ovde va\u017ei pravilo da se nose za\u0161titne maske, a mi u Srbiji imamo tu sre\u0107u da smo prva dr\u017eava koja je u ponudi imala \u010detiri vrste vakcina protiv korona virusa i da smo prva dr\u017eava koja je stvorila preventivu kroz izgradnju novih klini\u010dkih centara, bolnica i domova zdravlja i da toga nije bilo pitanje je gde bi smestili te korona pacijente. I moram i da pohvalim i predsednika Srbije koji je imao viziju da sve to obezbedi. I sada je Srbija, kao jedna mala dr\u017eava koja je imala negativnu medijsku etiketu, do\u0161la u situaciju da je svi cene u svetu i po\u0161tuju . Gradjani mnogih zemalja su dolazili da se vakcini\u0161u u Srbiji, kao naprimer iz Austrije, Nema\u010dke. Mi smo bili u zdravstvenom smislu ja\u010di od Nema\u010dke , ekonomski najmo\u0107nije dr\u017eave u Evropi. I to ne mo\u017ee niko da nipoda\u0161tava i da ka\u017ee &#8220;to su pare gradjana Srbije i tako dalje&#8221;. I da ne pri\u010dam o nekima koji to govore, zna se gde su u njihovo vreme oti\u0161le pare gradjana Srbije. U jedan d\u017eep kod jednog coveka, koga su na sre\u0107u gradjani Srbije prepoznali kao zlo i on vi\u0161e ne moze biti ni predsednik ku\u0107nog saveta. Danas je svako ko predje\u00a0 srpsku granicu ponosan, jer Srbija vi\u0161e nije ono \u0161to je bila pre 10 ili 12 godina. Mi moramo i se borimo kako da zaposlimo sve koji nisu zaposleni, ali i tu prednja\u010dimo i tu smo najbolji na svetu, Srbija je prava destinacija koja daje sigurnost kapitalu i koja ima zdravstvenu sigurnost, politi\u010dku stabilnost i medjunarodnu popularnost. To nema nijedna dr\u017eava na svetu &#8220;, rekao je Dragan Markovic Palma. Otvaranju Kancelarije Jedinstvene Srbije u Paraliji prisustvovali su i narodni poslanici Jedinstvene Srbije \u017divota Star\u010devi\u0107 i Djordje Kosani\u0107 , funkcioneri te stranke kao i nacelnik Pomoravskog okruga Goran Milosavljevi\u0107.<\/p>\n","protected":false},"excerpt":{"rendered":"<p>&#8220;Danas otvaramo Kancelariju Jedinstvene Srbije u Paraliji i ovo je sedma godina kako radi Kancelarija Jedinstvene Srbije u Paraliji. Prosle godine smo imali pauzu zbog &hellip; <\/p>\n","protected":false},"author":2,"featured_media":27102,"comment_status":"open","ping_status":"open","sticky":false,"template":"","format":"standard","meta":{"footnotes":""},"categories":[2,23,887,12,3054],"tags":[842,544,949,120,845],"_links":{"self":[{"href":"https:\/\/centralmedia.rs\/index.php\/wp-json\/wp\/v2\/posts\/27101"}],"collection":[{"href":"https:\/\/centralmedia.rs\/index.php\/wp-json\/wp\/v2\/posts"}],"about":[{"href":"https:\/\/centralmedia.rs\/index.php\/wp-json\/wp\/v2\/types\/post"}],"author":[{"embeddable":true,"href":"https:\/\/centralmedia.rs\/index.php\/wp-json\/wp\/v2\/users\/2"}],"replies":[{"embeddable":true,"href":"https:\/\/centralmedia.rs\/index.php\/wp-json\/wp\/v2\/comments?post=27101"}],"version-history":[{"count":2,"href":"https:\/\/centralmedia.rs\/index.php\/wp-json\/wp\/v2\/posts\/27101\/revisions"}],"predecessor-version":[{"id":27112,"href":"https:\/\/centralmedia.rs\/index.php\/wp-json\/wp\/v2\/posts\/27101\/revisions\/27112"}],"wp:featuredmedia":[{"embeddable":true,"href":"https:\/\/centralmedia.rs\/index.php\/wp-json\/wp\/v2\/media\/27102"}],"wp:attachment":[{"href":"https:\/\/centralmedia.rs\/index.php\/wp-json\/wp\/v2\/media?parent=27101"}],"wp:term":[{"taxonomy":"category","embeddable":true,"href":"https:\/\/centralmedia.rs\/index.php\/wp-json\/wp\/v2\/categories?post=27101"},{"taxonomy":"post_tag","embeddable":true,"href":"https:\/\/centralmedia.rs\/index.php\/wp-json\/wp\/v2\/tags?post=27101"}],"curies":[{"name":"wp","href":"https:\/\/api.w.org\/{rel}","templated":true}]}}