{"id":2712,"date":"2016-04-14T13:56:08","date_gmt":"2016-04-14T13:56:08","guid":{"rendered":"http:\/\/centralmedia.rs\/?p=2712"},"modified":"2017-01-20T02:30:00","modified_gmt":"2017-01-20T02:30:00","slug":"grad-pogodio-levac","status":"publish","type":"post","link":"https:\/\/centralmedia.rs\/index.php\/2016\/04\/14\/grad-pogodio-levac\/","title":{"rendered":"GRAD POGODIO LEVA\u010c"},"content":{"rendered":"<p>REKOVAC-Leva\u010dki kraj oko 14 sati pogodilo je jako nevreme pra\u0107eno olujnim vetrom, obilnim pljuskom, sugradicom i gradom, potvrdio je predsednik te op\u0161tine Predrag \u0110or\u0111evi\u0107.<\/p>\n<figure id=\"attachment_2714\" aria-describedby=\"caption-attachment-2714\" style=\"width: 300px\" class=\"wp-caption alignnone\"><a href=\"https:\/\/centralmedia.rs\/wp-content\/uploads\/2016\/04\/grad-2-rekovac-levacke-novine.jpg\"><img loading=\"lazy\" decoding=\"async\" class=\"size-medium wp-image-2714\" src=\"https:\/\/centralmedia.rs\/wp-content\/uploads\/2016\/04\/grad-2-rekovac-levacke-novine-300x169.jpg\" alt=\"Leva\u010dke novine\" width=\"300\" height=\"169\" srcset=\"https:\/\/centralmedia.rs\/wp-content\/uploads\/2016\/04\/grad-2-rekovac-levacke-novine-300x169.jpg 300w, https:\/\/centralmedia.rs\/wp-content\/uploads\/2016\/04\/grad-2-rekovac-levacke-novine-768x432.jpg 768w, https:\/\/centralmedia.rs\/wp-content\/uploads\/2016\/04\/grad-2-rekovac-levacke-novine.jpg 960w\" sizes=\"(max-width: 300px) 100vw, 300px\" \/><\/a><figcaption id=\"caption-attachment-2714\" class=\"wp-caption-text\">Leva\u010dke novine<\/figcaption><\/figure>\n<figure id=\"attachment_2715\" aria-describedby=\"caption-attachment-2715\" style=\"width: 300px\" class=\"wp-caption alignnone\"><a href=\"https:\/\/centralmedia.rs\/wp-content\/uploads\/2016\/04\/grad-1-rekovac-levacke-novine.jpg\"><img loading=\"lazy\" decoding=\"async\" class=\"size-medium wp-image-2715\" src=\"https:\/\/centralmedia.rs\/wp-content\/uploads\/2016\/04\/grad-1-rekovac-levacke-novine-300x169.jpg\" alt=\"Leva\u010dke novine\" width=\"300\" height=\"169\" srcset=\"https:\/\/centralmedia.rs\/wp-content\/uploads\/2016\/04\/grad-1-rekovac-levacke-novine-300x169.jpg 300w, https:\/\/centralmedia.rs\/wp-content\/uploads\/2016\/04\/grad-1-rekovac-levacke-novine-768x432.jpg 768w, https:\/\/centralmedia.rs\/wp-content\/uploads\/2016\/04\/grad-1-rekovac-levacke-novine.jpg 960w\" sizes=\"(max-width: 300px) 100vw, 300px\" \/><\/a><figcaption id=\"caption-attachment-2715\" class=\"wp-caption-text\">Leva\u010dke novine<\/figcaption><\/figure>\n<p>-\u010citava teritorija Lev\u010da zahva\u0107ena nevremenom, ne znamo da li je bilo dejstav protivgradnih raketa, jer je grmljavima bila jaka. Vo\u0107e je najvi\u0161e stradalo od grada jer je sada u najosetiljivijoj fazi razvoja, ali preciznije podatka zna\u0107emo posle dostavljanja izve\u0161taja, navodi on.<\/p>\n<p>&nbsp;<\/p>\n<p><strong><em><a href=\"https:\/\/centralmedia.rs\/wp-content\/uploads\/2016\/12\/grb.jpg\"><img loading=\"lazy\" decoding=\"async\" class=\"aligncenter size-medium wp-image-6520\" src=\"https:\/\/centralmedia.rs\/wp-content\/uploads\/2016\/12\/grb-210x300.jpg\" alt=\"\" width=\"210\" height=\"300\" srcset=\"https:\/\/centralmedia.rs\/wp-content\/uploads\/2016\/12\/grb-210x300.jpg 210w, https:\/\/centralmedia.rs\/wp-content\/uploads\/2016\/12\/grb.jpg 276w\" sizes=\"(max-width: 210px) 100vw, 210px\" \/><\/a>Pozitivni primeri Razglednica iz Rekovca \u2013 Projekat se realizuje uz pomo\u0107 sredstava iz bud\u017eeta Op\u0161tine Rekovac.<\/em><\/strong><\/p>\n<p>&nbsp;<\/p>\n","protected":false},"excerpt":{"rendered":"<p>REKOVAC-Leva\u010dki kraj oko 14 sati pogodilo je jako nevreme pra\u0107eno olujnim vetrom, obilnim pljuskom, sugradicom i gradom, potvrdio je predsednik te op\u0161tine Predrag \u0110or\u0111evi\u0107. -\u010citava &hellip; <\/p>\n","protected":false},"author":4,"featured_media":2713,"comment_status":"open","ping_status":"open","sticky":false,"template":"","format":"standard","meta":{"footnotes":""},"categories":[1524,2,887,1519,16,12],"tags":[703,704,705],"_links":{"self":[{"href":"https:\/\/centralmedia.rs\/index.php\/wp-json\/wp\/v2\/posts\/2712"}],"collection":[{"href":"https:\/\/centralmedia.rs\/index.php\/wp-json\/wp\/v2\/posts"}],"about":[{"href":"https:\/\/centralmedia.rs\/index.php\/wp-json\/wp\/v2\/types\/post"}],"author":[{"embeddable":true,"href":"https:\/\/centralmedia.rs\/index.php\/wp-json\/wp\/v2\/users\/4"}],"replies":[{"embeddable":true,"href":"https:\/\/centralmedia.rs\/index.php\/wp-json\/wp\/v2\/comments?post=2712"}],"version-history":[{"count":0,"href":"https:\/\/centralmedia.rs\/index.php\/wp-json\/wp\/v2\/posts\/2712\/revisions"}],"wp:featuredmedia":[{"embeddable":true,"href":"https:\/\/centralmedia.rs\/index.php\/wp-json\/wp\/v2\/media\/2713"}],"wp:attachment":[{"href":"https:\/\/centralmedia.rs\/index.php\/wp-json\/wp\/v2\/media?parent=2712"}],"wp:term":[{"taxonomy":"category","embeddable":true,"href":"https:\/\/centralmedia.rs\/index.php\/wp-json\/wp\/v2\/categories?post=2712"},{"taxonomy":"post_tag","embeddable":true,"href":"https:\/\/centralmedia.rs\/index.php\/wp-json\/wp\/v2\/tags?post=2712"}],"curies":[{"name":"wp","href":"https:\/\/api.w.org\/{rel}","templated":true}]}}