{"id":27160,"date":"2021-06-10T17:52:57","date_gmt":"2021-06-10T15:52:57","guid":{"rendered":"http:\/\/centralmedia.rs\/?p=27160"},"modified":"2022-01-04T18:26:49","modified_gmt":"2022-01-04T17:26:49","slug":"palma-aleksandar-vucic-i-klaus-fiser-pocasni-gradani-jagodine","status":"publish","type":"post","link":"https:\/\/centralmedia.rs\/index.php\/2021\/06\/10\/palma-aleksandar-vucic-i-klaus-fiser-pocasni-gradani-jagodine\/","title":{"rendered":"PALMA : ALEKSANDAR VU\u010cI\u0106 I KLAUS FI\u0160ER PO\u010cASNI GRA\u0110ANI JAGODINE"},"content":{"rendered":"<p>JAGODINA-\u201cDanas je Spasovdan, veliki praznik za srpski pravoslavni narod i velki da za Srbiju, zato \u0161to ste vi profesore Fi\u0161er, kao vlasnik jedne kompanije koja je 5. po ekonomskoj mo\u0107i u Nema\u010dkoj, do\u0161li u Srbiju da otvorite pogon i zaposlite radnike. A Vama gospodine predsedni\u010de Srbije ho\u0107u da ka\u017eem da mi vi\u0161e ne trebamo da pri\u010damo o Srbiji, kada do\u0111u strani investitori. Oni sve znaju o Srbji i kako je izgledala Srbija pre 12 \u2013 13 godina, a kako izgleda danas. Ja znam gospodine predsedni\u010de Srbije koliko se vi borite da se svaki \u010dovek u Srbiji zaposli. Nije mala stvar po\u0161tovana dame i gospodo da vas Nema\u010dka prizna. Nema\u010dka, koja je ekonomski najmo\u0107nija zemlja\u00a0 u Evropskoj uniji i da danas u nema\u010dkim fabrikama u Srbiji radi 70 000 gra\u0111ana Srbije\u201d, izjavio je danas predsednik Skup\u0161tine grada Jagodine Dragan Markovi\u0107 Palma obra\u0107auju\u0107i se na otvaranju fabrike Fi\u0161er u industrijskoj zoni u Jagodini. \u201cPrvi put se desilo da ono \u0161to pri\u010da predsednik Srbije svojim gra\u0111anima pri\u010da i u onim zemljama gde odlazi u zvani\u010dne posete i bori se za svoj narod i za istinu. To nije bio slu\u010daj pre Vu\u010di\u0107a. Posebno moram da istaknem \u0161ta je to \u0161to privla\u010di strane investitore u na\u0161oj zemlji, to su ekonomska sigurnost, politi\u010dka stabilnost i zdravstvena bezbednost. Sino\u0107 mi je na ve\u010deri, profesor Klaus Fi\u0161er vlasnik kompanje \u201cFi\u0161er\u201d rekao da u Nema\u010dkoj nema vakcina, pa Vas molim gospodine predsedni\u010de Srbije da pomognemo Nema\u010dkoj, jer do\u0161lo je vreme da Srbiji vi\u0161e ne treba solidarna pomo\u0107, kao \u0161to je bilo pre desetak godina. Srbija je prva dr\u017eava na svetu koja imala \u010detiri vrste vakcina protiv korona virusa za svoje gra\u0111ane, Srbija je prva dr\u017eava na svetu koja je ozbijno shvatila korona virus i napravila preventivu, grade\u0107i klini\u010dke centre, bolnice i domove zdravlja. Prvi put je dr\u017eava Srbija davala finansijsku pomo\u0107 privrednicima i njihovim radnicima, vi\u0161e puta. Prvi put su penzioneri dobijali pomo\u0107, tako\u0111e vi\u0161e puta. To je zato \u0161to se u ovoj dr\u017eavi \u0161tedi i zato \u0161to se u ovoj dr\u017eavi znaju prioriteti\u201d, rekao je Markovi\u0107. \u201cJa sam Vama gospodine Fi\u0161er zahvalan \u0161to Vi sada u Jagodini zapo\u0161ljavate 150 radnika, a do kraja godine, kada stignu i ostale ma\u0161ine, bi\u0107e zaposleno 400 radnika. I to \u0107e mnogo zna\u010diti za Jagodinu i za Srbiju. Vi ste na neki na\u010din gospodine Fi\u0161er na\u0161 ekonomski memorandum, Vi ste ekonomski predstavnik Srbije. I dozvolite da vam saop\u0161tim jednu vest. Jutros sam izvr\u0161io konsultacije koje su trajale 45 sekundi i doneli smo odluku da Klaus Fi\u0161er bude po\u010dasni gra\u0111anin Jagodine zato \u0161to je doveo svoju kompaniju u na\u0161 grad i zaposlio radnike. Tako\u0111e smo na jutro\u0161njoj \u201cvanrednoj sednici\u201d doneli odluku da titulu po\u010dasnog gra\u0111anina grada Jagodine dobije i predsednik Srbije Aleksandar Vu\u010di\u0107. Da nije bilo Vas gospodine predsedni\u010de veliki broj gra\u0111ana Srbije bi bio nezaposlen. Vi znate gospodine predsedni\u010de da Vam ja najmanje smetam, najmanje Vam dosa\u0111ujem, ne zovem Vas i imam poruku za ostale op\u0161tine i gradove, a to je \u201cnemojte da \u010dekate da vam predsednik kre\u010di domove kulture, da vam menja \u010desme, pravi toalete i tako dalje. Ne\u0161to sami morate da uradite\u201d, izjavio je Markovi\u0107. \u201cPosebno \u017eelim da istaknem govor predsednika Srbije na sednici Saveta bezbednosti Ujedinjenih nacija, koji je rekao ono \u0161to niko nije smeo da ka\u017ee od predsednika Srbije. Srbija vi\u0161e nije zemlja sa kojom mo\u017ee da se komanduje i radi ne\u0161to na \u0161tetu gra\u0111ana Srbije i dr\u017eave Srbije. Srbija je danas ekonomski mo\u0107nik, a kada ste ekonomski mo\u0107nik sami ure\u0111ujete svoju poltiku i donosite odluke\u201d, ka\u017ee Dragan Markovi\u0107 Palma. \u201cSino\u0107 mi je Klaus Fi\u0161er rekao da je Srbija dr\u017eava koja ima najbolje uslove za investiture, ne na Balaknu, ne u Evrpi, nego na svetu. Nova radna mesta zna\u010de punjenje i lokalnog i republi\u010dkog bud\u017eeta\u201d, kazao je Dragan Markovi\u0107 Palma.<\/p>\n<p>&nbsp;<\/p>\n<p>FI\u0160ER : SRBIJA IMA NAJBOLJE USLOVE NA SVETU<\/p>\n<p>&nbsp;<\/p>\n<p>\u201cGrupacija Fi\u0161er odabrala je da u Jagodini otvori novu fabriku, jer ni u jednoj zemlji Evrope nije na\u0161la ovako izvanredne uslove kao u Srbiji, a naro\u010dito u 27 zemalja Evropske unije\u201d, rekao je danas na sve\u010danom otvaranju fabrike vlasnik kompanije Klaus Fi\u0161er. &#8220;Li\u010dno sam zadovoljan \u0161to je od<\/p>\n","protected":false},"excerpt":{"rendered":"<p>JAGODINA-\u201cDanas je Spasovdan, veliki praznik za srpski pravoslavni narod i velki da za Srbiju, zato \u0161to ste vi profesore Fi\u0161er, kao vlasnik jedne kompanije koja &hellip; <\/p>\n","protected":false},"author":2,"featured_media":27161,"comment_status":"open","ping_status":"open","sticky":false,"template":"","format":"standard","meta":{"footnotes":""},"categories":[22,1524,2,5643,1514,887,12],"tags":[5190,58,120,63],"_links":{"self":[{"href":"https:\/\/centralmedia.rs\/index.php\/wp-json\/wp\/v2\/posts\/27160"}],"collection":[{"href":"https:\/\/centralmedia.rs\/index.php\/wp-json\/wp\/v2\/posts"}],"about":[{"href":"https:\/\/centralmedia.rs\/index.php\/wp-json\/wp\/v2\/types\/post"}],"author":[{"embeddable":true,"href":"https:\/\/centralmedia.rs\/index.php\/wp-json\/wp\/v2\/users\/2"}],"replies":[{"embeddable":true,"href":"https:\/\/centralmedia.rs\/index.php\/wp-json\/wp\/v2\/comments?post=27160"}],"version-history":[{"count":1,"href":"https:\/\/centralmedia.rs\/index.php\/wp-json\/wp\/v2\/posts\/27160\/revisions"}],"predecessor-version":[{"id":27162,"href":"https:\/\/centralmedia.rs\/index.php\/wp-json\/wp\/v2\/posts\/27160\/revisions\/27162"}],"wp:featuredmedia":[{"embeddable":true,"href":"https:\/\/centralmedia.rs\/index.php\/wp-json\/wp\/v2\/media\/27161"}],"wp:attachment":[{"href":"https:\/\/centralmedia.rs\/index.php\/wp-json\/wp\/v2\/media?parent=27160"}],"wp:term":[{"taxonomy":"category","embeddable":true,"href":"https:\/\/centralmedia.rs\/index.php\/wp-json\/wp\/v2\/categories?post=27160"},{"taxonomy":"post_tag","embeddable":true,"href":"https:\/\/centralmedia.rs\/index.php\/wp-json\/wp\/v2\/tags?post=27160"}],"curies":[{"name":"wp","href":"https:\/\/api.w.org\/{rel}","templated":true}]}}