{"id":27171,"date":"2021-06-10T19:05:35","date_gmt":"2021-06-10T17:05:35","guid":{"rendered":"http:\/\/centralmedia.rs\/?p=27171"},"modified":"2021-06-16T21:51:59","modified_gmt":"2021-06-16T19:51:59","slug":"odrzana-osma-sednica-so-svilajnac","status":"publish","type":"post","link":"https:\/\/centralmedia.rs\/index.php\/2021\/06\/10\/odrzana-osma-sednica-so-svilajnac\/","title":{"rendered":"ODR\u017dANA OSMA SEDNICA SO SVILAJNAC"},"content":{"rendered":"<p>SVILAJNAC-Osma sednica Skup\u0161tine op\u0161tine Svilajnac, odr\u017eana danas u Centru za kulturu, sadr\u017eala je 18 ta\u010daka dnevnog reda, a prisustvovalo joj je 39 odbornika. Potvr\u0111eni su mandati za dva nova odbornika, a to su \u0110ur\u0111ija Brzanovi\u0107 ispred GG &#8220;Predrag Milanovi\u0107-Svilajnac \u010duva budu\u0107nost&#8221; i Aleksandar Toki\u0107 ispred Srpske napredne stranke. Odbornici Ivana Ojdani\u0107, Sne\u017eana Pe\u0161i\u0107, Igor Damnjanovi\u0107 i Zorica Milo\u0161evi\u0107 istupili su iz odborni\u010dke grupe \u201cAleksandar Vu\u010di\u0107 za na\u0161u decu\u201d i formirali novu odborni\u010dku grupu \u201cNova snaga Svilajnac\u201d. Usvojeni su Izve\u0161taji o poslovanju JP STC \u2013 Prirodnja\u010dki centar Svilajnac i Komunalnog javnog preduze\u0107a \u201cMorava\u201d Svilajnac za 2020. godinu, na koje su odbornici Srpske napredne stranke imali primedbi. Usvojeno je Re\u0161enje o imenovanju direktora Centra za kulturu Svilajnac, a to je Jelena Dimitrijevi\u0107, kao i Re\u0161enje o imenovanju vr\u0161ioca du\u017enosti direktora KJP \u201cMorava\u201d Svilajnac, kojim je na tu funkciju imenovan Goran Boji\u0107.<\/p>\n<div id='gallery-1' class='gallery galleryid-27171 gallery-columns-3 gallery-size-thumbnail'><figure class='gallery-item'>\n\t\t\t<div class='gallery-icon landscape'>\n\t\t\t\t<a href='https:\/\/centralmedia.rs\/index.php\/2021\/06\/10\/odrzana-osma-sednica-so-svilajnac\/so-sv1\/'><img loading=\"lazy\" decoding=\"async\" width=\"150\" height=\"150\" src=\"https:\/\/centralmedia.rs\/wp-content\/uploads\/2021\/06\/SO-SV1-150x150.jpg\" class=\"attachment-thumbnail size-thumbnail\" alt=\"\" \/><\/a>\n\t\t\t<\/div><\/figure><figure class='gallery-item'>\n\t\t\t<div class='gallery-icon portrait'>\n\t\t\t\t<a href='https:\/\/centralmedia.rs\/index.php\/2021\/06\/10\/odrzana-osma-sednica-so-svilajnac\/so-sv2\/'><img loading=\"lazy\" decoding=\"async\" width=\"150\" height=\"150\" src=\"https:\/\/centralmedia.rs\/wp-content\/uploads\/2021\/06\/SO-SV2-150x150.jpg\" class=\"attachment-thumbnail size-thumbnail\" alt=\"\" \/><\/a>\n\t\t\t<\/div><\/figure><figure class='gallery-item'>\n\t\t\t<div class='gallery-icon landscape'>\n\t\t\t\t<a href='https:\/\/centralmedia.rs\/index.php\/2021\/06\/10\/odrzana-osma-sednica-so-svilajnac\/so-sv-2\/'><img loading=\"lazy\" decoding=\"async\" width=\"150\" height=\"150\" src=\"https:\/\/centralmedia.rs\/wp-content\/uploads\/2021\/06\/SO-SV-150x150.jpg\" class=\"attachment-thumbnail size-thumbnail\" alt=\"\" \/><\/a>\n\t\t\t<\/div><\/figure>\n\t\t<\/div>\n\n<p>Jednoglasno je, svih 39 odbornika, glasalo za usvajanje Odluke o uslovima i na\u010dinu subvencionisanja kupovine bicikala kao ekolo\u0161ki prihvatljivog transporta i za ovu namenu opredeljeno je 500.000 dinara iz bud\u017eeta op\u0161tine Svilajnac, kroz Program kori\u0161\u0107enja sredstava Bud\u017eetskog fonda za za\u0161titu \u017eivotne sredine. Subvencionisa\u0107e se kupovina doma\u0107e bicikle sa 5.000 dinara po bicikli.<\/p>\n<p>Doneta je i Odluka o uslovima i na\u010dinu ostvarivanja subvencija za privredne subjekte sa teritorije op\u0161tine Svilajnac, kao mera za ubla\u017eavanje negativnih posledica prouzrokovanih epidemijom COVID-a 19. Ova Odluka odnosi se na zna\u010dajan broj malih preduze\u0107a, trgovina i uslu\u017enih delatnosti koja nisu radila ili im je bio ograni\u010den rad po osnovu akata donetih od strane nadle\u017enih republi\u010dkih organa i \u0160taba za vanredne situacije op\u0161tine Svilajnac. Osnovni cilj ove Odluke je o\u010duvanje zaposlenosti, delatnosti, doprinos likvidnosti ovih preduze\u0107a i doprinos za njihov postepeni oporavak. Za ovu meru opredeljeno je 6 miliona dinara.<\/p>\n<p>Predsednik op\u0161tine Svilajnac Predrag Milanovi\u0107 je u zavr\u0161nom obra\u0107anju odbornicima i javnosti predstavio najve\u0107e projekte koji su zavr\u0161eni ili planirani za naredni period:<\/p>\n<p>\u201cU periodu izme\u0111u dve sednice zavr\u0161ena je zgrada Policijske stanice Svilajnac i preseljenje, a u toku su radovi na rekonstrukciji blizu 500m\u00b2 prostorija u zgradi op\u0161tine Svilajnac. Intenzivirani su infrastrukturni radovi, kako u gradu, tako i u selima. Postoje\u0107i investitori pro\u0161iruju svoje proizvodne kapacitete, a op\u0161tinu Svilajanc \u010deka u narednom periodu najve\u0107i infrastrukturni projekat \u2013 izgradnja kanalizacione mre\u017ee du\u017eine 125 km sa postrojenjem za pre\u010di\u0161\u0107avanje otpadnih voda, za \u0161ta su sredstva obezbe\u0111ena od Vlade Republike Srbije u iznosu oko 50 miliona evra. O\u010dekuju se tenderi za rekonstrukciju puta Svilajanc-Medve\u0111a i za navodnjavanje Resavske celine.\u201c<\/p>\n<p>Na sednici su usvojene i Odluka o zavr\u0161nom ra\u010dunu op\u0161tine Svilajnac, kao i Odluka o dodeli dru\u0161tvenih priznanja.<\/p>\n","protected":false},"excerpt":{"rendered":"<p>SVILAJNAC-Osma sednica Skup\u0161tine op\u0161tine Svilajnac, odr\u017eana danas u Centru za kulturu, sadr\u017eala je 18 ta\u010daka dnevnog reda, a prisustvovalo joj je 39 odbornika. Potvr\u0111eni su &hellip; <\/p>\n","protected":false},"author":2,"featured_media":27172,"comment_status":"open","ping_status":"open","sticky":false,"template":"","format":"standard","meta":{"footnotes":""},"categories":[1524,2,13,887,12,1517],"tags":[2823,1233],"_links":{"self":[{"href":"https:\/\/centralmedia.rs\/index.php\/wp-json\/wp\/v2\/posts\/27171"}],"collection":[{"href":"https:\/\/centralmedia.rs\/index.php\/wp-json\/wp\/v2\/posts"}],"about":[{"href":"https:\/\/centralmedia.rs\/index.php\/wp-json\/wp\/v2\/types\/post"}],"author":[{"embeddable":true,"href":"https:\/\/centralmedia.rs\/index.php\/wp-json\/wp\/v2\/users\/2"}],"replies":[{"embeddable":true,"href":"https:\/\/centralmedia.rs\/index.php\/wp-json\/wp\/v2\/comments?post=27171"}],"version-history":[{"count":1,"href":"https:\/\/centralmedia.rs\/index.php\/wp-json\/wp\/v2\/posts\/27171\/revisions"}],"predecessor-version":[{"id":27175,"href":"https:\/\/centralmedia.rs\/index.php\/wp-json\/wp\/v2\/posts\/27171\/revisions\/27175"}],"wp:featuredmedia":[{"embeddable":true,"href":"https:\/\/centralmedia.rs\/index.php\/wp-json\/wp\/v2\/media\/27172"}],"wp:attachment":[{"href":"https:\/\/centralmedia.rs\/index.php\/wp-json\/wp\/v2\/media?parent=27171"}],"wp:term":[{"taxonomy":"category","embeddable":true,"href":"https:\/\/centralmedia.rs\/index.php\/wp-json\/wp\/v2\/categories?post=27171"},{"taxonomy":"post_tag","embeddable":true,"href":"https:\/\/centralmedia.rs\/index.php\/wp-json\/wp\/v2\/tags?post=27171"}],"curies":[{"name":"wp","href":"https:\/\/api.w.org\/{rel}","templated":true}]}}