{"id":27176,"date":"2021-06-10T20:12:32","date_gmt":"2021-06-10T18:12:32","guid":{"rendered":"http:\/\/centralmedia.rs\/?p=27176"},"modified":"2021-06-10T20:12:32","modified_gmt":"2021-06-10T18:12:32","slug":"zabranjeni-tekst-gorana-sarica-osuda-mladica-pokusaj-pilatovskog-pranja-ruku-onih-koji-su-rasplamsavali-rat-na-balkanu","status":"publish","type":"post","link":"https:\/\/centralmedia.rs\/index.php\/2021\/06\/10\/zabranjeni-tekst-gorana-sarica-osuda-mladica-pokusaj-pilatovskog-pranja-ruku-onih-koji-su-rasplamsavali-rat-na-balkanu\/","title":{"rendered":"ZABRANjENI tekst Gorana \u0160ari\u0107a: Osuda Mladi\u0107a \u2013 poku\u0161aj pilatovskog pranja ruku onih koji su rasplamsavali rat na Balkanu"},"content":{"rendered":"<p>&#8220;Ova dana\u0161nja Srbija nije Srbija \u017eutih, Ko\u0161tunice i Tadi\u0107a, koliko god se Zapad preko svojih medija &#8211; N1, NovaS i Danas trudi zombirati narod. Danas Srbi shva\u0107aju ono \u0161to je Aleksandar Dugin najavio jo\u0161 prije petnaestak godina &#8211; Srbija mo\u017ee promijeniti tok povijesti!&#8221;<\/p>\n<p>Goran \u0160ari\u0107, poznati hrvatski istori\u010dar i katoli\u010dki teolog iz Rijeke, uvjerio se da oni koji kreiraju dru\u0161tveno-politi\u010dke okvire i istupaju kao \u201eborci\u201c za slobode \u2013 nemaju ni najmanje takta niti strpljenja da saslu\u0161aju druga\u010dije mi\u0161ljenje.<\/p>\n<p>Naime, njegov tekst u kojem se osvrnuo na presudu izre\u010denu srpskom generalu Ratku Mladi\u0107u uklonjen je samo nekoliko minuta nakon \u0161to je objavljen na dru\u0161tvenim mre\u017eama.<\/p>\n<p>\u0160ari\u0107ev tekst prenosimo integralno.<\/p>\n<p>Zapad osudio Ratka Mladi\u0107a, a tko \u0107e osuditi Zapad?<\/p>\n<p>Europska Unija kao konglomerat zla, izdaje, perverzije i kriminala, sad mo\u017ee \u201eodahnuti\u201c. Ili\u2026 mo\u017eda je tek dobila problem? \u0160to zna\u010di osu\u0111uju\u0107a presuda biv\u0161em vojnom vo\u0111i Srba u Bosni i Hercegovini? Zna\u010di li to napredak pravde i istine za bilo koga, ili samo napredak EU ep\u0161tajnovske klike u obmanjivanju javnosti i prodoru snaga mraka \u2013 na istok?<\/p>\n<p>Pogledajte naslove medija u Hrvatskoj. Pogledajte \u010dime obmanjuju i zaglupljuju i onako zaglupljene mase\u2026 Naslovi poput: \u201eTajni rat Gotovine i Mladi\u0107a: Srbija je spremala pakleni plan uo\u010di Oluje\u201c?! Je li njima jasno da problem Hrvata nisu Srbi nego ekonomska okupacija od strane Zapada i duhovna degeneracija! Je li njima jasno da Hrvatice (kao ni Srpkinje) ne ra\u0111aju djecu i da \u0107e ovim tempom negativnog nataliteta za 50 godina nestati i Hrvatska i Srbija?!<\/p>\n<p>I najva\u017enije, tko \u0107e i kad osuditi EU tajne i javne lidere i politi\u010dke sile koje su izazvale RAT U BIV\u0160OJ JUGOSLAVIJI? Koji \u0107e to sud izre\u0107i osu\u0111uju\u0107u presudu vatikanskim, njema\u010dkim, ameri\u010dkim i britanskim centrima mo\u0107i koji su potaknuli i rasplamsavali rat na cijelom prostoru Balkana?<\/p>\n<p>Ili je osuda Mladi\u0107a (koji je samo obi\u010dni vojnik koji se borio za interese svoje nacije, kao \u0161to su se borili i ostali nacionalni lideri i generali iz BiH i biv\u0161e Jugoslavije) samo poku\u0161aj pilatovskog pranja ruku, kroz formu Ha\u0161kog suda? I da oni glume \u201epravdu\u201c, oni, koji su daleko vi\u0161e krivi od Ratka Mladi\u0107a! Oni koji vr\u0161e i name\u0107u teror zlo\u010dina\u010dke demonkracije na cijelom prostoru biv\u0161e dr\u017eave? Teror perverzije, teror politike proganjanja pametnih i u\u0161utkivanja sposobnih. Teror nametanja njihovih \u201evrijednosti\u201c (pa je po novom u Srbiji \u017eena vatrogasac vatrogaskinja, a majka koja dijete udari po guzi mo\u017ee zavr\u0161iti u zatvoru).<\/p>\n<p>Ovi doga\u0111aji (suludo ru\u0161enje pravoslavne crkve, maltretiranje sa \u201enon paperima o Kosovu, stotine godina robije za Srbe u Hagu\u2026) zahuktavaju politi\u010dka zbivanja u Srbiji! Srbima postaje jasno da Srbija za Zapad nikad ne\u0107e biti dovoljno mala da ne bi bila velika! Srbima postaje jasno da je petog oktobra izvr\u0161en dr\u017eavni udar. I da su te vlasti bile izdajni\u010dke! Otvoreno izdajni\u010dke! To nije bila suradnja s EU, to je bilo lizanje dupeta onima koji su na Srbiju bacili 25 tisu\u0107a tona bombi i 600 kilograma osiroma\u0161enog urana, koji je za 30% podigao pojavu raka, leukemije itd. u Srbiji! A mnogi ljudi u Beogradu sad primje\u0107uju i na sebi, \u010dudne promjene\u2026<\/p>\n<p>Sad nije vi\u0161e pitanje presude Mladi\u0107u, ona \u0107e samo Srbe osvijestiti da vi\u0161e nikad ne dozvole da im na vlast do\u0111u \u201etadi\u0107i\u201c, \u201emarinike\u201c, \u201eko\u0161tunice\u201c\u2026 odnosno oni koji su izru\u010divali srpske generale \u2013 u ruke onima koji su dugih 77 dana i no\u0107i okrutno BOMBARDIRALI Srbiju i ubili i osakatili na tisu\u0107e gra\u0111ana, me\u0111u njima i puno djece! Poru\u0161ili dr\u017eavu i otrovali je kemikalijama i osiroma\u0161enim uranom! Tim razbojnicima oni su isporu\u010divali svoje generale, \u010dak i predsjednika! Dakle ratnim zlo\u010dincima NATO zlo\u010dina\u010dkog saveza!<\/p>\n<p>Koja bi dr\u017eava izru\u010dila svog predsjednika strancima? I onda se \u010ceda Jovanovi\u0107 \u010dudi ako mu neki prolaznik dobaci uvredu? U drugoj dr\u017eavi bio bi na do\u017eivotnoj robiji.<\/p>\n<p>Ja znam da su Srbi narod koji dugo trpi, \u0161uti, pa i spava. Ali Zapad ne zna da je opasno probuditi Srbe!<\/p>\n<p>EU tama se \u0161iri na istok. Tj. poku\u0161ava se \u0161iriti, poku\u0161aj je to stvaranja prostora Tame od Londona do Crnog mora! Za stvaranje pozicija za budu\u0107i napad na Rusiju! U tom smislu, Srbija je bila \u2013 prepreka, Srbija je i dalje prepreka, bez obzira na sluganstvo srpskih tzv. elita!<\/p>\n<p>Srbi po\u010dinju shva\u0107ati da u EU ne teku med i mlijeko. Jedino \u0161to svaki ne-germanski, ne-romanski mali narod mo\u017ee o\u010dekivati u EU je \u2013 ropstvo i teror!<\/p>\n<p>Dok je Srbiji OTETO 17% dr\u017eavnog teritorija (srpska pokrajina Kosovo), nevladine organizacije, Kosti\u0107 i pojedini akademici i profesori sa Filozofskog fakulteta u Beogradu se lome da uvjere Srbe kako je njihova jedina svjetla budu\u0107nost u EU gdje Srbiju nitko ni ne zove. Interesantno je kako \u010dovjek postane \u0111avao kad izgubi karakter! Kako su spremni na svako poni\u017eenja, kao narkoman za gram droge kad je u krizi\u2026<\/p>\n<p>Ova dana\u0161nja Srbija nije Srbija \u017eutih, Ko\u0161tunice i Tadi\u0107a, koliko god se Zapad preko svojih medija \u2013 N1, NovaS i Danas trudi zombirati narod. Danas Srbi shva\u0107aju ono \u0161to je Aleksandar Dugin najavio jo\u0161 prije petnaestak godina \u2013 Srbija mo\u017ee promijeniti tok povijesti!<\/p>\n<p>&nbsp;<\/p>\n","protected":false},"excerpt":{"rendered":"<p>&#8220;Ova dana\u0161nja Srbija nije Srbija \u017eutih, Ko\u0161tunice i Tadi\u0107a, koliko god se Zapad preko svojih medija &#8211; N1, NovaS i Danas trudi zombirati narod. Danas &hellip; <\/p>\n","protected":false},"author":2,"featured_media":27177,"comment_status":"open","ping_status":"open","sticky":false,"template":"","format":"standard","meta":{"footnotes":""},"categories":[2,19,12],"tags":[5195,5196,5197],"_links":{"self":[{"href":"https:\/\/centralmedia.rs\/index.php\/wp-json\/wp\/v2\/posts\/27176"}],"collection":[{"href":"https:\/\/centralmedia.rs\/index.php\/wp-json\/wp\/v2\/posts"}],"about":[{"href":"https:\/\/centralmedia.rs\/index.php\/wp-json\/wp\/v2\/types\/post"}],"author":[{"embeddable":true,"href":"https:\/\/centralmedia.rs\/index.php\/wp-json\/wp\/v2\/users\/2"}],"replies":[{"embeddable":true,"href":"https:\/\/centralmedia.rs\/index.php\/wp-json\/wp\/v2\/comments?post=27176"}],"version-history":[{"count":1,"href":"https:\/\/centralmedia.rs\/index.php\/wp-json\/wp\/v2\/posts\/27176\/revisions"}],"predecessor-version":[{"id":27178,"href":"https:\/\/centralmedia.rs\/index.php\/wp-json\/wp\/v2\/posts\/27176\/revisions\/27178"}],"wp:featuredmedia":[{"embeddable":true,"href":"https:\/\/centralmedia.rs\/index.php\/wp-json\/wp\/v2\/media\/27177"}],"wp:attachment":[{"href":"https:\/\/centralmedia.rs\/index.php\/wp-json\/wp\/v2\/media?parent=27176"}],"wp:term":[{"taxonomy":"category","embeddable":true,"href":"https:\/\/centralmedia.rs\/index.php\/wp-json\/wp\/v2\/categories?post=27176"},{"taxonomy":"post_tag","embeddable":true,"href":"https:\/\/centralmedia.rs\/index.php\/wp-json\/wp\/v2\/tags?post=27176"}],"curies":[{"name":"wp","href":"https:\/\/api.w.org\/{rel}","templated":true}]}}