{"id":27179,"date":"2021-06-11T15:03:09","date_gmt":"2021-06-11T13:03:09","guid":{"rendered":"http:\/\/centralmedia.rs\/?p=27179"},"modified":"2022-01-04T18:26:26","modified_gmt":"2022-01-04T17:26:26","slug":"srpski-novinari-i-komisija-za-istragu-ubistva-novinara-iz-vrha-petooktobarske-vlasti-nalozeno-ubistvo-milana-pantica","status":"publish","type":"post","link":"https:\/\/centralmedia.rs\/index.php\/2021\/06\/11\/srpski-novinari-i-komisija-za-istragu-ubistva-novinara-iz-vrha-petooktobarske-vlasti-nalozeno-ubistvo-milana-pantica\/","title":{"rendered":"SRPSKI NOVINARI I KOMISIJA ZA ISTRAGU UBISTVA NOVINARA:  IZ VRHA PETOOKTOBARSKE VLASTI NALO\u017dENO UBISTVO MILANA PANTI\u0106A"},"content":{"rendered":"<p>JAGODINA-Novinar Milan Panti\u0107, dopisnik Ve\u010dernjih novosti iz Jagodine, ubijen je u svom ulazu, na dana\u0161nji dan pre 20 godina. On se 11. Juna 2000. godine vra\u0107ao iz jutarnje kupovine namirnica, sa kesom u ruci u\u0161ao je u ulaz gde stanuje, tu su ga sa\u010dekale ubice i sa vi\u0161e udaraca tupim predmetom u glavi usmrtili.<\/p>\n<div id='gallery-1' class='gallery galleryid-27179 gallery-columns-5 gallery-size-thumbnail'><figure class='gallery-item'>\n\t\t\t<div class='gallery-icon portrait'>\n\t\t\t\t<a href='https:\/\/centralmedia.rs\/index.php\/2021\/06\/11\/srpski-novinari-i-komisija-za-istragu-ubistva-novinara-iz-vrha-petooktobarske-vlasti-nalozeno-ubistvo-milana-pantica\/milan-pantic\/'><img loading=\"lazy\" decoding=\"async\" width=\"150\" height=\"150\" src=\"https:\/\/centralmedia.rs\/wp-content\/uploads\/2021\/06\/milan-pantic-150x150.jpg\" class=\"attachment-thumbnail size-thumbnail\" alt=\"\" \/><\/a>\n\t\t\t<\/div><\/figure><figure class='gallery-item'>\n\t\t\t<div class='gallery-icon landscape'>\n\t\t\t\t<a href='https:\/\/centralmedia.rs\/index.php\/2021\/06\/11\/srpski-novinari-i-komisija-za-istragu-ubistva-novinara-iz-vrha-petooktobarske-vlasti-nalozeno-ubistvo-milana-pantica\/mina-babovic\/'><img loading=\"lazy\" decoding=\"async\" width=\"150\" height=\"150\" src=\"https:\/\/centralmedia.rs\/wp-content\/uploads\/2021\/06\/mina-babovic-150x150.jpg\" class=\"attachment-thumbnail size-thumbnail\" alt=\"\" \/><\/a>\n\t\t\t<\/div><\/figure><figure class='gallery-item'>\n\t\t\t<div class='gallery-icon portrait'>\n\t\t\t\t<a href='https:\/\/centralmedia.rs\/index.php\/2021\/06\/11\/srpski-novinari-i-komisija-za-istragu-ubistva-novinara-iz-vrha-petooktobarske-vlasti-nalozeno-ubistvo-milana-pantica\/spomenik-10\/'><img loading=\"lazy\" decoding=\"async\" width=\"150\" height=\"150\" src=\"https:\/\/centralmedia.rs\/wp-content\/uploads\/2021\/06\/spomenik-150x150.jpg\" class=\"attachment-thumbnail size-thumbnail\" alt=\"\" \/><\/a>\n\t\t\t<\/div><\/figure><figure class='gallery-item'>\n\t\t\t<div class='gallery-icon landscape'>\n\t\t\t\t<a href='https:\/\/centralmedia.rs\/index.php\/2021\/06\/11\/srpski-novinari-i-komisija-za-istragu-ubistva-novinara-iz-vrha-petooktobarske-vlasti-nalozeno-ubistvo-milana-pantica\/venci-rakocevic\/'><img loading=\"lazy\" decoding=\"async\" width=\"150\" height=\"150\" src=\"https:\/\/centralmedia.rs\/wp-content\/uploads\/2021\/06\/venci-rakocevic-150x150.jpg\" class=\"attachment-thumbnail size-thumbnail\" alt=\"\" \/><\/a>\n\t\t\t<\/div><\/figure><figure class='gallery-item'>\n\t\t\t<div class='gallery-icon landscape'>\n\t\t\t\t<a href='https:\/\/centralmedia.rs\/index.php\/2021\/06\/11\/srpski-novinari-i-komisija-za-istragu-ubistva-novinara-iz-vrha-petooktobarske-vlasti-nalozeno-ubistvo-milana-pantica\/zivojin-rakocevic\/'><img loading=\"lazy\" decoding=\"async\" width=\"150\" height=\"150\" src=\"https:\/\/centralmedia.rs\/wp-content\/uploads\/2021\/06\/zivojin-rakocevic-150x150.jpg\" class=\"attachment-thumbnail size-thumbnail\" alt=\"\" \/><\/a>\n\t\t\t<\/div><\/figure>\n\t\t<\/div>\n\n<p>Danas su porodica Panti\u0107 i srpski novinari obi\u0161ili njegov grob gde su uplali sve\u0107e, na plo\u010du u ulazu su stavlili ru\u017ee,a na spomen bistu u parku pored zgrade gde je \u017eiveo vence i cve\u0107e. \u00a0\u00a0Predsednik Udru\u017eenja novinara Srbije \u017divojin Rako\u010devi\u0107 zatra\u017eio je \u00a0da Tu\u017eila\u0161tvo za organizovani kriminal preuzme ovaj slu\u010daj od jagodinskog Vi\u0161eg tu\u017eila\u0161tva, jer ,,izgleda da se posle 20 godina zna sve, i motivi i nalogodavci i \u010dinjenice \u201c<\/p>\n<p>\u201eAli, postoji klju\u010dni momenat, a to je volja \u2013 da se kona\u010dno vidi lice ubice i onih koji su to uradili, iako svi znamo da je savr\u0161eni zlo\u010din onaj o kome znamo sve, a pravde nema. Tra\u017eimo da Tu\u017eila\u0161tvo za organizovani kriminal u Beogradu urgentno preuzme ovaj slu\u010daj i da se kona\u010dno zatvori velika nepravda nad porodicom Panti\u0107 i nad novinarima Srbije, kojoj je \u010disto, \u010destitio, sr\u010dano i do poslednjeg trenutka slu\u017eio Milan Panti\u0107\u201c, naglasio je Rako\u010devi\u0107.<\/p>\n<p>Milan Babovi\u0107, zamenik glavnog urednika Ve\u010dernjih novosti, na obele\u017eavanju dve decenije od ubistva Panti\u0107a u Jagodini da se godinama novinari okupljaju sa jednim jedinim pitanjem \u2013 ko je na ku\u0107nom pragu mu\u010dki ubio novinara Panti\u0107a?<\/p>\n<p>\u201eOdgovora, na \u017ealost, nema, ali sve \u0161to znamo jasno upu\u0107uje da je mafija\u0161ka hobotnica, koja se obmotala oko nekada\u0161njeg giganta, cementare u Novom Popovcu, ubila na\u0161eg kolegu. Ponavljamo apel i obe\u0107avamo Milanu i njegovoj porodici da se neposredni izvr\u0161ioci i nalogodavci kona\u010dno privedu pravdi\u201c, istakao je Babovi\u0107.<\/p>\n<p>Napominje da je Komisija za istragu ubistava novinara do\u0161la do \u201e\u010dvrstih i nepobitnih informacija o tom gnusnom zlo\u010dinu\u201c.<\/p>\n<p>\u201eJa se nadam da \u0107e ovaj \u010din koji je \u0161amar na obrazu demokratske Srbije kona\u010dno dobiti sudski epilog, da li kroz Tu\u017eila\u0161tvo za organizovani kriminal, ili Vi\u0161e tu\u017eila\u0161tvo u Jagodini, koje se u ovom slu\u010daju nije najbolje pokazalo, ali to je najmanje \u0161to mo\u017eemo da u\u010dinimo za Milana Panti\u0107a i njegovu porodicu, kao i na\u0161u bran\u0161u. Ohrabruju najave iz vrha vlasti da \u0107e na ovaj slu\u010daj kona\u010dno biti stavljena ta\u010dka\u201c, nastavio je Babovi\u0107.<\/p>\n<p>Slavko \u0106uruvija Fondacija upozorila je danas da i posle 20 godina od ubistva novinara Milana Panti\u0107a u Jagodini, istraga o tom zlo\u010dinu &#8220;stoji u mestu&#8221; a da sudski postupak &#8220;nije ni na pomolu.<\/p>\n<p>Ocenili su da \u010dinjenica da slu\u010dajevi ubistava novinara Milana Panti\u0107a, Dade Vujasinovi\u0107 i Slavka \u0106uruvije nisu pravosna\u017eno okon\u010dani &#8220;vi\u0161e decenija nakon \u0161to su po\u010dinjeni&#8221;, predstavlja &#8220;opasnu poruku da je dr\u017eava nemo\u0107na pred zlo\u010dinom i da ne mo\u017ee da obezbedi pravdu i bezbednost za novinare, ali i sve gra\u0111ane Srbije&#8221;.<\/p>\n<p>&#8220;Posebno zabrinjava \u010dinjenica da i pored poruka iz Komisije za istra\u017eivanje ubistava novinara, prema kojima su poznati ne samo neposredni po\u010dinioci ubistva Milana Panti\u0107a, ve\u0107 i motivi i naru\u010dioci iz tada\u0161njeg vrha vlasti, optu\u017enica jo\u0161 uvek nije podignuta&#8221;, pi\u0161e u saop\u0161tenju.<\/p>\n<p>Pozvali su institucije da &#8220;u svetlu tvrdnji da postoje novi dokazi&#8221; u vezi ubistva Panti\u0107a, &#8220;iskoriste sve mehanizme u okviru svojih nadle\u017enosti i \u0161to pre okon\u010daju slu\u010daj koji ve\u0107 dvadeset godina izmi\u010de pravdi&#8221;.<\/p>\n<p>&#8220;Svaki razgovor o bezbednosti novinara obezvre\u0111en je izostankom epiloga u slu\u010dajevima ubistava novinara i zbog toga zahtevamo hitno privo\u0111enje pravdi odgovornih za ubistvo Milana Panti\u0107a&#8221;, pi\u0161e u saop\u0161tenju.<\/p>\n<p>Dopisnik Ve\u010dernjih novosti Milan Panti\u0107 je ubijen 11. juna 2001. u ulazu zgrade u kojoj je \u017eiveo u Jagodini dok se vra\u0107ao iz prodavnice.<\/p>\n<p>Predsednik Komisije za istra\u017eivanje ubistava novinara Veran Mati\u0107 izjavio je ranije da to telo &#8220;zna motiv, naru\u010dioce i izvr\u0161ioce ubistva Milana Panti\u0107a&#8221;.<\/p>\n<p>&#8220;Komisija zna da je Panti\u0107 ubijen zbog onog \u0161to je pisao i onog \u0161to bi tek pisao o privatizaciji cementare Novi Popovac u Para\u0107inu. Imamo saznanja i o tome ko je stajao ispred zgrade, tajno pratio i na kraju likvidirao Panti\u0107a, kao i koja kriminalna grupa je to planirala&#8221;, rekao je Mati\u0107.<\/p>\n<p>NUNS:Zahtevamo da se kona\u010dno stavi ta\u010dka na kontinuitet neka\u017enjivosti zlo\u010dina nad novinarima<\/p>\n<p>Danas se navr\u0161ava 20 godina otkako je ispred svog doma u Jagodini mu\u010dki ubijen novinar \u201eVe\u010denjih novosti\u201c Milan Panti\u0107.Pro\u0161lo je dve decenija, ali do danas nisu prona\u0111eni po\u010dinitelji, kao ni naru\u010dioci ovog zlo\u010dina.<\/p>\n<p style=\"font-style: inherit; font-weight: inherit;\">Pisanje Milana Panti\u0107a o korupciji i kriminalu u Jagodini i Pomoravlju poku\u0161ano je ovim zlodelom da budu u\u0107utkano, i zato Nezavisno udru\u017eenje novinara Srbije i na ovu godi\u0161njicu ubistva opominje predstavnike vlasti, ali i podse\u0107a javnost, da ovaj zlo\u010din ne sme da bude zaboravljen i nerasvetljen.<\/p>\n<p style=\"font-style: inherit; font-weight: inherit;\">Komisija za istra\u017eivanje ubistava novinara je nadle\u017enom javnom tu\u017eila\u0161tvu u Jagodini dostavila veliki broj informacija koje upu\u0107uju na dokaze u slu\u010daju, me\u0111utim postupak se jo\u0161 uvek nalazi u predistra\u017enoj fazi.<\/p>\n<p style=\"font-style: inherit; font-weight: inherit;\">NUNS izra\u017eava zabrinutost zbog velikog broja nerazja\u0161njenih ubistava i napada na novinare i medijske radnike. Srbija ima ve\u0107 predugu istoriju nasilja nad novinarima i novinarkama, te svako gu\u0161enje i zata\u0161kavanje ovakvih slua\u010dajeva ne sme da bude dozvoljeno.<\/p>\n<p style=\"font-style: inherit; font-weight: inherit;\">Podse\u0107amo i na druge nere\u0161ene slu\u010dajeve napada na novinare. Slu\u010daj ubistva Slavka \u0106uruvije je ponovo pred provstepenim sudom, slu\u010daj novinarke Dade Vujasinovi\u0107 je i dalje u predistra\u017enoj fazi, a slu\u010daj poku\u0161aja ubistva novinara Dejana Anastasijevi\u0107a i dalje ostaje nerasvetljen.<\/p>\n<p style=\"font-style: inherit; font-weight: inherit;\">NUNS zahteva da se kona\u010dno stavi ta\u010dka na kontinuitet neka\u017enjivosti zlo\u010dina nad novinarima i poru\u010duje da dok je novinarskih i medijskih udru\u017eenja smrt kolege Milana Panti\u0107a ne\u0107e nestati u ponoru zaborava.<\/p>\n<p>&nbsp;<\/p>\n","protected":false},"excerpt":{"rendered":"<p>JAGODINA-Novinar Milan Panti\u0107, dopisnik Ve\u010dernjih novosti iz Jagodine, ubijen je u svom ulazu, na dana\u0161nji dan pre 20 godina. On se 11. Juna 2000. godine &hellip; <\/p>\n","protected":false},"author":2,"featured_media":27180,"comment_status":"open","ping_status":"open","sticky":false,"template":"","format":"standard","meta":{"footnotes":""},"categories":[1524,20,2,5643,1514,887,12],"tags":[3465,462,1359],"_links":{"self":[{"href":"https:\/\/centralmedia.rs\/index.php\/wp-json\/wp\/v2\/posts\/27179"}],"collection":[{"href":"https:\/\/centralmedia.rs\/index.php\/wp-json\/wp\/v2\/posts"}],"about":[{"href":"https:\/\/centralmedia.rs\/index.php\/wp-json\/wp\/v2\/types\/post"}],"author":[{"embeddable":true,"href":"https:\/\/centralmedia.rs\/index.php\/wp-json\/wp\/v2\/users\/2"}],"replies":[{"embeddable":true,"href":"https:\/\/centralmedia.rs\/index.php\/wp-json\/wp\/v2\/comments?post=27179"}],"version-history":[{"count":1,"href":"https:\/\/centralmedia.rs\/index.php\/wp-json\/wp\/v2\/posts\/27179\/revisions"}],"predecessor-version":[{"id":27186,"href":"https:\/\/centralmedia.rs\/index.php\/wp-json\/wp\/v2\/posts\/27179\/revisions\/27186"}],"wp:featuredmedia":[{"embeddable":true,"href":"https:\/\/centralmedia.rs\/index.php\/wp-json\/wp\/v2\/media\/27180"}],"wp:attachment":[{"href":"https:\/\/centralmedia.rs\/index.php\/wp-json\/wp\/v2\/media?parent=27179"}],"wp:term":[{"taxonomy":"category","embeddable":true,"href":"https:\/\/centralmedia.rs\/index.php\/wp-json\/wp\/v2\/categories?post=27179"},{"taxonomy":"post_tag","embeddable":true,"href":"https:\/\/centralmedia.rs\/index.php\/wp-json\/wp\/v2\/tags?post=27179"}],"curies":[{"name":"wp","href":"https:\/\/api.w.org\/{rel}","templated":true}]}}