{"id":27190,"date":"2021-06-11T16:33:20","date_gmt":"2021-06-11T14:33:20","guid":{"rendered":"http:\/\/centralmedia.rs\/?p=27190"},"modified":"2021-06-16T21:52:33","modified_gmt":"2021-06-16T19:52:33","slug":"delegacija-kancelarije-za-razvoj-i-saradnju-ambasade-svajcarske-u-poseti-svilajncu","status":"publish","type":"post","link":"https:\/\/centralmedia.rs\/index.php\/2021\/06\/11\/delegacija-kancelarije-za-razvoj-i-saradnju-ambasade-svajcarske-u-poseti-svilajncu\/","title":{"rendered":"DELEGACIJA KANCELARIJE ZA RAZVOJ I SARADNJU AMBASADE \u0160VAJCARSKE U POSETI SVILAJNCU"},"content":{"rendered":"<p>SVILAJNAC-\u0160ef Kancelarije za razvoj i saradnju Ambasade \u0160vajcarske Rihard Koli obi\u0161ao je senzornu sobu u Svilajncu, koja je deo projekta \u201cPobolj\u0161anje terapijskih usluga za decu i mlade sa pote\u0161ko\u0107ama u razvoju na teritoriji op\u0161tine Svilajnac\u201d, a koji lokalna samouprava sprovodi u partnerstvu sa Centrom za brigu o porodici, uz podr\u0161ku Vlade \u0160vajcarske kroz program Swiss PRO.<\/p>\n<div id='gallery-1' class='gallery galleryid-27190 gallery-columns-3 gallery-size-thumbnail'><figure class='gallery-item'>\n\t\t\t<div class='gallery-icon landscape'>\n\t\t\t\t<a href='https:\/\/centralmedia.rs\/index.php\/2021\/06\/11\/delegacija-kancelarije-za-razvoj-i-saradnju-ambasade-svajcarske-u-poseti-svilajncu\/swiss1\/'><img loading=\"lazy\" decoding=\"async\" width=\"150\" height=\"150\" src=\"https:\/\/centralmedia.rs\/wp-content\/uploads\/2021\/06\/SWISS1-150x150.jpg\" class=\"attachment-thumbnail size-thumbnail\" alt=\"\" \/><\/a>\n\t\t\t<\/div><\/figure><figure class='gallery-item'>\n\t\t\t<div class='gallery-icon landscape'>\n\t\t\t\t<a href='https:\/\/centralmedia.rs\/index.php\/2021\/06\/11\/delegacija-kancelarije-za-razvoj-i-saradnju-ambasade-svajcarske-u-poseti-svilajncu\/swiss2\/'><img loading=\"lazy\" decoding=\"async\" width=\"150\" height=\"150\" src=\"https:\/\/centralmedia.rs\/wp-content\/uploads\/2021\/06\/SWISS2-150x150.jpg\" class=\"attachment-thumbnail size-thumbnail\" alt=\"\" \/><\/a>\n\t\t\t<\/div><\/figure><figure class='gallery-item'>\n\t\t\t<div class='gallery-icon landscape'>\n\t\t\t\t<a href='https:\/\/centralmedia.rs\/index.php\/2021\/06\/11\/delegacija-kancelarije-za-razvoj-i-saradnju-ambasade-svajcarske-u-poseti-svilajncu\/swiss3\/'><img loading=\"lazy\" decoding=\"async\" width=\"150\" height=\"150\" src=\"https:\/\/centralmedia.rs\/wp-content\/uploads\/2021\/06\/SWISS3-150x150.jpg\" class=\"attachment-thumbnail size-thumbnail\" alt=\"\" \/><\/a>\n\t\t\t<\/div><\/figure>\n\t\t<\/div>\n\n<p>Projektom je dosada\u0161nji savetodavno-terapijski rad koji se realizuje u prostorijama Centra za brigu o porodici unapre\u0111en postavljanjem asistivne opreme za senzornu sobu za decu i omladinu sa smetnjama u razvoju. Projekat doprinosi pobolj\u0161anju motori\u010dkih i mentalnih ve\u0161tina, sposobnosti u\u010denja i komunikacije, a time i kvaliteta \u017eivota dece. Pored pru\u017eanja terapijske usluge, projekat uklju\u010duje i psiholo\u0161ku podr\u0161ku za roditelje:<\/p>\n<p>\u201eOvo je prvi put da sam na terenu van Beograda i jako mi se dopada ovo \u0161to vidim. Drago mi je da sam upoznao majke i decu kojima je ovaj projekat mnogo pomogao, jer to i jeste bio na\u0161 cilj. Zadovoljan sam saradnjom i implementacijom ovog projekta, a znam da se ovde sprovodi jo\u0161 njih koje finansira Swiss PRO\u201d \u2013 izjavio je \u0160ef Kancelarije za razvoj i saradnju Ambasade \u0160vajcarske Rihard Koli.<\/p>\n<p>Centar za brigu o porodici Svilajanc dobio je nov projekat koji \u0107e finansirati Swiss PRO za ovu godinu pod nazivom \u201eDeca u fokusu\u201c.<\/p>\n","protected":false},"excerpt":{"rendered":"<p>SVILAJNAC-\u0160ef Kancelarije za razvoj i saradnju Ambasade \u0160vajcarske Rihard Koli obi\u0161ao je senzornu sobu u Svilajncu, koja je deo projekta \u201cPobolj\u0161anje terapijskih usluga za decu &hellip; <\/p>\n","protected":false},"author":2,"featured_media":27191,"comment_status":"open","ping_status":"open","sticky":false,"template":"","format":"standard","meta":{"footnotes":""},"categories":[14,1524,2,887,12,1517],"tags":[207,3333,38],"_links":{"self":[{"href":"https:\/\/centralmedia.rs\/index.php\/wp-json\/wp\/v2\/posts\/27190"}],"collection":[{"href":"https:\/\/centralmedia.rs\/index.php\/wp-json\/wp\/v2\/posts"}],"about":[{"href":"https:\/\/centralmedia.rs\/index.php\/wp-json\/wp\/v2\/types\/post"}],"author":[{"embeddable":true,"href":"https:\/\/centralmedia.rs\/index.php\/wp-json\/wp\/v2\/users\/2"}],"replies":[{"embeddable":true,"href":"https:\/\/centralmedia.rs\/index.php\/wp-json\/wp\/v2\/comments?post=27190"}],"version-history":[{"count":1,"href":"https:\/\/centralmedia.rs\/index.php\/wp-json\/wp\/v2\/posts\/27190\/revisions"}],"predecessor-version":[{"id":27195,"href":"https:\/\/centralmedia.rs\/index.php\/wp-json\/wp\/v2\/posts\/27190\/revisions\/27195"}],"wp:featuredmedia":[{"embeddable":true,"href":"https:\/\/centralmedia.rs\/index.php\/wp-json\/wp\/v2\/media\/27191"}],"wp:attachment":[{"href":"https:\/\/centralmedia.rs\/index.php\/wp-json\/wp\/v2\/media?parent=27190"}],"wp:term":[{"taxonomy":"category","embeddable":true,"href":"https:\/\/centralmedia.rs\/index.php\/wp-json\/wp\/v2\/categories?post=27190"},{"taxonomy":"post_tag","embeddable":true,"href":"https:\/\/centralmedia.rs\/index.php\/wp-json\/wp\/v2\/tags?post=27190"}],"curies":[{"name":"wp","href":"https:\/\/api.w.org\/{rel}","templated":true}]}}