{"id":27196,"date":"2021-06-11T21:12:09","date_gmt":"2021-06-11T19:12:09","guid":{"rendered":"http:\/\/centralmedia.rs\/?p=27196"},"modified":"2022-01-04T18:26:17","modified_gmt":"2022-01-04T17:26:17","slug":"kraljice-srpskog-rukometa-jos-jace-u-narednoj-sezoni-jagodinke-se-pojacavaju-iz-francuske-lige","status":"publish","type":"post","link":"https:\/\/centralmedia.rs\/index.php\/2021\/06\/11\/kraljice-srpskog-rukometa-jos-jace-u-narednoj-sezoni-jagodinke-se-pojacavaju-iz-francuske-lige\/","title":{"rendered":"KRALJICE SRPSKOG RUKOMETA JO\u0160 JA\u010cE U NAREDNOJ SEZONI &#8211; JAGODINKE SE POJA\u010cAVAJU IZ FRANCUSKE LIGE"},"content":{"rendered":"<p>JAGODINA- Sude\u0107i po po\u010detku formiranja nove ekipe, rukometa\u0161ice Jagodine u novoj sezoni \u017eele da nastave dominaciju i petu godinu zaredom u doma\u0107em prvenstvu, ali i da naprave iskorak na me\u0111unarodnoj sceni. Novo, staro lice u redovima Jagodinki je Marija Janji\u0107 (32), koja je posle 9 godina u Francuskoj, zemlji sa jednom od najja\u010dih liga u \u017eenskom rukometu, re\u0161ila da se vrati u klub gde je ostvarila svoje igra\u010dke vrhunce i u jednom periodu bila reprezentativka Srbije. \u00a0Marija Janji\u0107 je u pro\u0161loj sezoni igrala veoma zapa\u017eenu ulogu u Nici u prvom stepenu takmi\u010denja. Ona je dva puta bila najbolji strelac francuske druge lige. Njene ambicije se pokalpaju sa sportskim ciljevima kluba i namerama nauspe\u0161nijeg doma\u0107eg stratega Dragana Markova, a to je osvajanje svih doma\u0107ih trofeja i pobeda u svim utakmicama, te priprema ekipe za evropska takmi\u010denja. Marija Janji\u0107 je poznata po besprekornoj odbrani i igri na sve tri bekovske pozicije.<\/p>\n<p>-Iskustvo koje nam donosi Marija Janji\u0107 je potrebno za evropske utakmice, bi\u0107e dominantna u doma\u0107em prvesntvu. Nema predaha, jer \u017eelimo uspehe na svim frontovima. Vredno smo radili na poja\u010danjima tokom prole\u0107a i na\u0161i navija\u010di treba da o\u010dekuju jo\u0161 bolju i uspe\u0161niju ekipu u novoj sezoni. Proverne igra\u010dice, pre svega vredne i marljive, \u017eeljne uspeha i trofeja bi\u0107e u novom \u00a0sastavu Jagodine, ka\u017ee predsednik kluba Aleksandar Miladinovi\u0107.<\/p>\n<p>U narednim danima bi\u0107e predstavljena nova poja\u010danja, a na po\u010detku priprema, krajem jula, bi\u0107e poznat kompletan sastav ekipe koja \u0107e braniti sva tri doma\u0107a trofeja.<\/p>\n","protected":false},"excerpt":{"rendered":"<p>JAGODINA- Sude\u0107i po po\u010detku formiranja nove ekipe, rukometa\u0161ice Jagodine u novoj sezoni \u017eele da nastave dominaciju i petu godinu zaredom u doma\u0107em prvenstvu, ali i &hellip; <\/p>\n","protected":false},"author":2,"featured_media":27197,"comment_status":"open","ping_status":"open","sticky":false,"template":"","format":"standard","meta":{"footnotes":""},"categories":[1524,2,5643,1514,887,21,12],"tags":[5200,58,5199,5201,220],"_links":{"self":[{"href":"https:\/\/centralmedia.rs\/index.php\/wp-json\/wp\/v2\/posts\/27196"}],"collection":[{"href":"https:\/\/centralmedia.rs\/index.php\/wp-json\/wp\/v2\/posts"}],"about":[{"href":"https:\/\/centralmedia.rs\/index.php\/wp-json\/wp\/v2\/types\/post"}],"author":[{"embeddable":true,"href":"https:\/\/centralmedia.rs\/index.php\/wp-json\/wp\/v2\/users\/2"}],"replies":[{"embeddable":true,"href":"https:\/\/centralmedia.rs\/index.php\/wp-json\/wp\/v2\/comments?post=27196"}],"version-history":[{"count":1,"href":"https:\/\/centralmedia.rs\/index.php\/wp-json\/wp\/v2\/posts\/27196\/revisions"}],"predecessor-version":[{"id":27198,"href":"https:\/\/centralmedia.rs\/index.php\/wp-json\/wp\/v2\/posts\/27196\/revisions\/27198"}],"wp:featuredmedia":[{"embeddable":true,"href":"https:\/\/centralmedia.rs\/index.php\/wp-json\/wp\/v2\/media\/27197"}],"wp:attachment":[{"href":"https:\/\/centralmedia.rs\/index.php\/wp-json\/wp\/v2\/media?parent=27196"}],"wp:term":[{"taxonomy":"category","embeddable":true,"href":"https:\/\/centralmedia.rs\/index.php\/wp-json\/wp\/v2\/categories?post=27196"},{"taxonomy":"post_tag","embeddable":true,"href":"https:\/\/centralmedia.rs\/index.php\/wp-json\/wp\/v2\/tags?post=27196"}],"curies":[{"name":"wp","href":"https:\/\/api.w.org\/{rel}","templated":true}]}}