{"id":27203,"date":"2021-06-16T22:11:16","date_gmt":"2021-06-16T20:11:16","guid":{"rendered":"http:\/\/centralmedia.rs\/?p=27203"},"modified":"2021-06-21T18:48:18","modified_gmt":"2021-06-21T16:48:18","slug":"nemacka-kompanija-a2000-pocinje-sa-radom","status":"publish","type":"post","link":"https:\/\/centralmedia.rs\/index.php\/2021\/06\/16\/nemacka-kompanija-a2000-pocinje-sa-radom\/","title":{"rendered":"NEMA\u010cKA KOMPANIJA A2000 PO\u010cINJE SA RADOM"},"content":{"rendered":"<p>SVILAJNAC-Direktor slobodne zone Svilajnac Tijana Jovanovi\u0107 i vlasnik kompanije &#8220;A 2000&#8221; iz nema\u010dkog grada Frizenhajma Tomas Miler potpisali su zajedni\u010dki zapisnik o po\u010detku rada, uvezene su ma\u0161ine i na taj na\u010din je jo\u0161 jedan strani investitor postao \u010dlan privredno ekonomske porodice te op\u0161tine. Nova kompanija zna\u010di i nova radna mesta i u\u010denici Srednje \u0161kole Svilajnac na smeru elektrotehni\u010dar elektronike, odmah nakon zavr\u0161etka \u0161kolovanja dobi\u0107e prvu \u0161ansu da se zaposle. U novom pogonu proizvodi\u0107e se savremene elektronske komponente i specifi\u010dni elektri\u010dni ure\u0111aji za razli\u010dite potrebe korisnika:<\/p>\n<p>\u201cOdabrali smo Svilajnac za investiranje me\u0111u 60 mogu\u0107ih gradova u Srbiji. Ispunili su na\u0161e stroge kriterijume i u julu po\u010dinjemo zapo\u0161ljavanje. Va\u017eno nam je \u0161to Svilajnac \u0161koluje kadrove za potrebe priverde, zatim tu je ure\u0111enost, infrastrukturna opremljenost, posve\u0107enost op\u0161tinskog rukovodstva i mogu\u0107nost poslovanja u re\u017eimu Slobodne zone\u201d \u2013 izjavio je Tomas Miler, vlasnik kompanije \u201cA2000\u201d.<\/p>\n<p><img loading=\"lazy\" decoding=\"async\" class=\"alignnone wp-image-27205 size-large\" src=\"http:\/\/centralmedia.rs\/wp-content\/uploads\/2021\/06\/a20001-1024x683.jpg\" alt=\"\" width=\"640\" height=\"427\" srcset=\"https:\/\/centralmedia.rs\/wp-content\/uploads\/2021\/06\/a20001-1024x683.jpg 1024w, https:\/\/centralmedia.rs\/wp-content\/uploads\/2021\/06\/a20001-300x200.jpg 300w, https:\/\/centralmedia.rs\/wp-content\/uploads\/2021\/06\/a20001-768x512.jpg 768w, https:\/\/centralmedia.rs\/wp-content\/uploads\/2021\/06\/a20001-630x420.jpg 630w, https:\/\/centralmedia.rs\/wp-content\/uploads\/2021\/06\/a20001-640x427.jpg 640w, https:\/\/centralmedia.rs\/wp-content\/uploads\/2021\/06\/a20001-681x454.jpg 681w, https:\/\/centralmedia.rs\/wp-content\/uploads\/2021\/06\/a20001.jpg 2048w\" sizes=\"(max-width: 640px) 100vw, 640px\" \/><\/p>\n","protected":false},"excerpt":{"rendered":"<p>SVILAJNAC-Direktor slobodne zone Svilajnac Tijana Jovanovi\u0107 i vlasnik kompanije &#8220;A 2000&#8221; iz nema\u010dkog grada Frizenhajma Tomas Miler potpisali su zajedni\u010dki zapisnik o po\u010detku rada, uvezene &hellip; <\/p>\n","protected":false},"author":2,"featured_media":27204,"comment_status":"open","ping_status":"open","sticky":false,"template":"","format":"standard","meta":{"footnotes":""},"categories":[22,1524,2,887,12,1517],"tags":[5202,1304,38],"_links":{"self":[{"href":"https:\/\/centralmedia.rs\/index.php\/wp-json\/wp\/v2\/posts\/27203"}],"collection":[{"href":"https:\/\/centralmedia.rs\/index.php\/wp-json\/wp\/v2\/posts"}],"about":[{"href":"https:\/\/centralmedia.rs\/index.php\/wp-json\/wp\/v2\/types\/post"}],"author":[{"embeddable":true,"href":"https:\/\/centralmedia.rs\/index.php\/wp-json\/wp\/v2\/users\/2"}],"replies":[{"embeddable":true,"href":"https:\/\/centralmedia.rs\/index.php\/wp-json\/wp\/v2\/comments?post=27203"}],"version-history":[{"count":2,"href":"https:\/\/centralmedia.rs\/index.php\/wp-json\/wp\/v2\/posts\/27203\/revisions"}],"predecessor-version":[{"id":27207,"href":"https:\/\/centralmedia.rs\/index.php\/wp-json\/wp\/v2\/posts\/27203\/revisions\/27207"}],"wp:featuredmedia":[{"embeddable":true,"href":"https:\/\/centralmedia.rs\/index.php\/wp-json\/wp\/v2\/media\/27204"}],"wp:attachment":[{"href":"https:\/\/centralmedia.rs\/index.php\/wp-json\/wp\/v2\/media?parent=27203"}],"wp:term":[{"taxonomy":"category","embeddable":true,"href":"https:\/\/centralmedia.rs\/index.php\/wp-json\/wp\/v2\/categories?post=27203"},{"taxonomy":"post_tag","embeddable":true,"href":"https:\/\/centralmedia.rs\/index.php\/wp-json\/wp\/v2\/tags?post=27203"}],"curies":[{"name":"wp","href":"https:\/\/api.w.org\/{rel}","templated":true}]}}