{"id":27208,"date":"2021-06-16T22:14:04","date_gmt":"2021-06-16T20:14:04","guid":{"rendered":"http:\/\/centralmedia.rs\/?p=27208"},"modified":"2021-06-30T17:35:23","modified_gmt":"2021-06-30T15:35:23","slug":"obavestenje-o-pocetku-besplatnih-letnjih-programa","status":"publish","type":"post","link":"https:\/\/centralmedia.rs\/index.php\/2021\/06\/16\/obavestenje-o-pocetku-besplatnih-letnjih-programa\/","title":{"rendered":"OBAVE\u0160TENJE O PO\u010cETKU BESPLATNIH LETNJIH PROGRAMA"},"content":{"rendered":"<p>SVILAJNAC-Op\u0161tina Svilajnac od 1. jula 2021. godine kre\u0107e sa novim letnjim ciklusom besplatnih sportsko-rekreativnih programa za korisnike Svilajna\u010dke kartice: \u0161kola plivanja za sve nepliva\u010de ( decu i odrasle ), kao i kreativne radionice za decu uzrasta od 5 do 15 godina koje \u0107e se odr\u017eavati na gradskim bazenima i u Prirodnja\u010dkom centru.<\/p>\n<div id='gallery-1' class='gallery galleryid-27208 gallery-columns-2 gallery-size-full'><figure class='gallery-item'>\n\t\t\t<div class='gallery-icon landscape'>\n\t\t\t\t<a href='https:\/\/centralmedia.rs\/index.php\/2021\/06\/16\/obavestenje-o-pocetku-besplatnih-letnjih-programa\/aktivnosti1\/'><img loading=\"lazy\" decoding=\"async\" width=\"960\" height=\"720\" src=\"https:\/\/centralmedia.rs\/wp-content\/uploads\/2021\/06\/aktivnosti1.jpg\" class=\"attachment-full size-full\" alt=\"\" srcset=\"https:\/\/centralmedia.rs\/wp-content\/uploads\/2021\/06\/aktivnosti1.jpg 960w, https:\/\/centralmedia.rs\/wp-content\/uploads\/2021\/06\/aktivnosti1-300x225.jpg 300w, https:\/\/centralmedia.rs\/wp-content\/uploads\/2021\/06\/aktivnosti1-768x576.jpg 768w, https:\/\/centralmedia.rs\/wp-content\/uploads\/2021\/06\/aktivnosti1-560x420.jpg 560w, https:\/\/centralmedia.rs\/wp-content\/uploads\/2021\/06\/aktivnosti1-80x60.jpg 80w, https:\/\/centralmedia.rs\/wp-content\/uploads\/2021\/06\/aktivnosti1-100x75.jpg 100w, https:\/\/centralmedia.rs\/wp-content\/uploads\/2021\/06\/aktivnosti1-180x135.jpg 180w, https:\/\/centralmedia.rs\/wp-content\/uploads\/2021\/06\/aktivnosti1-238x178.jpg 238w, https:\/\/centralmedia.rs\/wp-content\/uploads\/2021\/06\/aktivnosti1-640x480.jpg 640w, https:\/\/centralmedia.rs\/wp-content\/uploads\/2021\/06\/aktivnosti1-681x511.jpg 681w\" sizes=\"(max-width: 960px) 100vw, 960px\" \/><\/a>\n\t\t\t<\/div><\/figure><figure class='gallery-item'>\n\t\t\t<div class='gallery-icon landscape'>\n\t\t\t\t<a href='https:\/\/centralmedia.rs\/index.php\/2021\/06\/16\/obavestenje-o-pocetku-besplatnih-letnjih-programa\/aktivnosti2\/'><img loading=\"lazy\" decoding=\"async\" width=\"1280\" height=\"960\" src=\"https:\/\/centralmedia.rs\/wp-content\/uploads\/2021\/06\/aktivnosti2.jpg\" class=\"attachment-full size-full\" alt=\"\" srcset=\"https:\/\/centralmedia.rs\/wp-content\/uploads\/2021\/06\/aktivnosti2.jpg 1280w, https:\/\/centralmedia.rs\/wp-content\/uploads\/2021\/06\/aktivnosti2-300x225.jpg 300w, https:\/\/centralmedia.rs\/wp-content\/uploads\/2021\/06\/aktivnosti2-768x576.jpg 768w, https:\/\/centralmedia.rs\/wp-content\/uploads\/2021\/06\/aktivnosti2-1024x768.jpg 1024w, https:\/\/centralmedia.rs\/wp-content\/uploads\/2021\/06\/aktivnosti2-560x420.jpg 560w, https:\/\/centralmedia.rs\/wp-content\/uploads\/2021\/06\/aktivnosti2-80x60.jpg 80w, https:\/\/centralmedia.rs\/wp-content\/uploads\/2021\/06\/aktivnosti2-100x75.jpg 100w, https:\/\/centralmedia.rs\/wp-content\/uploads\/2021\/06\/aktivnosti2-180x135.jpg 180w, https:\/\/centralmedia.rs\/wp-content\/uploads\/2021\/06\/aktivnosti2-238x178.jpg 238w, https:\/\/centralmedia.rs\/wp-content\/uploads\/2021\/06\/aktivnosti2-640x480.jpg 640w, https:\/\/centralmedia.rs\/wp-content\/uploads\/2021\/06\/aktivnosti2-681x511.jpg 681w\" sizes=\"(max-width: 1280px) 100vw, 1280px\" \/><\/a>\n\t\t\t<\/div><\/figure>\n\t\t<\/div>\n\n<p>Prijavljivanje za besplatne sportsko-rekreativne programe novog letnjeg ciklusa po\u010dinje 15. juna i traje do 25. juna u Korinis\u010dkom centru op\u0161tine Svilajnac.<\/p>\n<p>Sve dodatne informacije mo\u017eete dobiti u Korisni\u010dkom centru op\u0161tine Svilajnac koji se nalazi u ulici 27. Marta 2, svakog radnog dana od 8 do 16 \u010dasova ili putem telefona 035\/312 311 i 065\/31 23 111.<\/p>\n<p>Dobro do\u0161li!<\/p>\n<p>Jer su \u201eSVILAJN\u010cANI na prvom mestu\u201c<\/p>\n","protected":false},"excerpt":{"rendered":"<p>SVILAJNAC-Op\u0161tina Svilajnac od 1. jula 2021. godine kre\u0107e sa novim letnjim ciklusom besplatnih sportsko-rekreativnih programa za korisnike Svilajna\u010dke kartice: \u0161kola plivanja za sve nepliva\u010de ( &hellip; <\/p>\n","protected":false},"author":2,"featured_media":27209,"comment_status":"open","ping_status":"open","sticky":false,"template":"","format":"standard","meta":{"footnotes":""},"categories":[1524,2,23,887,1517,30],"tags":[5203,1073,38],"_links":{"self":[{"href":"https:\/\/centralmedia.rs\/index.php\/wp-json\/wp\/v2\/posts\/27208"}],"collection":[{"href":"https:\/\/centralmedia.rs\/index.php\/wp-json\/wp\/v2\/posts"}],"about":[{"href":"https:\/\/centralmedia.rs\/index.php\/wp-json\/wp\/v2\/types\/post"}],"author":[{"embeddable":true,"href":"https:\/\/centralmedia.rs\/index.php\/wp-json\/wp\/v2\/users\/2"}],"replies":[{"embeddable":true,"href":"https:\/\/centralmedia.rs\/index.php\/wp-json\/wp\/v2\/comments?post=27208"}],"version-history":[{"count":1,"href":"https:\/\/centralmedia.rs\/index.php\/wp-json\/wp\/v2\/posts\/27208\/revisions"}],"predecessor-version":[{"id":27212,"href":"https:\/\/centralmedia.rs\/index.php\/wp-json\/wp\/v2\/posts\/27208\/revisions\/27212"}],"wp:featuredmedia":[{"embeddable":true,"href":"https:\/\/centralmedia.rs\/index.php\/wp-json\/wp\/v2\/media\/27209"}],"wp:attachment":[{"href":"https:\/\/centralmedia.rs\/index.php\/wp-json\/wp\/v2\/media?parent=27208"}],"wp:term":[{"taxonomy":"category","embeddable":true,"href":"https:\/\/centralmedia.rs\/index.php\/wp-json\/wp\/v2\/categories?post=27208"},{"taxonomy":"post_tag","embeddable":true,"href":"https:\/\/centralmedia.rs\/index.php\/wp-json\/wp\/v2\/tags?post=27208"}],"curies":[{"name":"wp","href":"https:\/\/api.w.org\/{rel}","templated":true}]}}