{"id":27217,"date":"2021-06-18T14:42:54","date_gmt":"2021-06-18T12:42:54","guid":{"rendered":"http:\/\/centralmedia.rs\/?p=27217"},"modified":"2022-01-04T18:23:38","modified_gmt":"2022-01-04T17:23:38","slug":"palma-deo-crnogorskih-politicara-predvodenih-milom-dukanovicem-i-zdravkom-krivokapicem-zabio-noz-u-leda-srbiji-i-srpskom-narodu-usvajanjem-rezolucije-koju-nema-ni-bosna-i-hercegovina","status":"publish","type":"post","link":"https:\/\/centralmedia.rs\/index.php\/2021\/06\/18\/palma-deo-crnogorskih-politicara-predvodenih-milom-dukanovicem-i-zdravkom-krivokapicem-zabio-noz-u-leda-srbiji-i-srpskom-narodu-usvajanjem-rezolucije-koju-nema-ni-bosna-i-hercegovina\/","title":{"rendered":"PALMA : DEO CRNOGORSKIH POLITI\u010cARA PREDVO\u0110ENIH MILOM \u0110UKANOVI\u0106EM I ZDRAVKOM KRIVOKAPI\u0106EM ZABIO NO\u017d U LE\u0110A SRBIJI I SRPSKOM NARODU USVAJANJEM REZOLUCIJE KOJU NEMA NI BOSNA I HERCEGOVINA"},"content":{"rendered":"<p>JAGODINA-\u201cDeo politi\u010dara Crne Gore, a ne narod Crne Gore, usvajanjem Rezolucije o zabrani negiranja genocida u Srebrenici, overili su Srbiju i srpski narod i zalepili mu etiketu koja ne stoji. Podse\u0107am Mila \u0110ukanovi\u0107a i Zdravka Krivokapi\u0107a, da su se tokom ratova na prostoru biv\u0161e Jugoslavije, Srbi i Crnogorci zajedno borili za o\u010duvanje tada\u0161nje zajedni\u010dke dr\u017eave i u Hrvatskoj i u Bosni i Hercegovini. Sada su Milo \u0110ukanovi\u0107 i Zdravko Krivokapi\u0107 usvojili Rezoluciju o zabrani negiranja genocida u Srebrenci koju \u010dak nema ni Bosna i Hercegovina, na koju se ta rezolucija odnosi. Rezolucija u Skup\u0161tini Crne Gore je usvojena na predlog Bo\u0161nja\u010dke stranke, a uz pomo\u0107 Albanske nacionalne stranke i svih onih kojima ne odgovara jaka i stabilna Srbija i jak i stabilan region. Mnogo brakova i prijatelja ima izme\u0111u srpskog i crnogorskog naroda i ovi koji donose ovakve odluke rade na \u0161tetu oba naroda \u201d rekao je predsednik Jedinstveen Srbije Dragan Markovi\u0107 Palma.<\/p>\n<p>NE MOGU OPROSTITI SRBIJI USPEH<\/p>\n<p>\u201cSrbiji ne odgovara nestabilnost na Balkanu i Srbija svakog dana poziva sve na saradnju, \u0161to se videlo i kroz inicijativu \u201cMini \u0160engen\u201d. Zanimljivo je da su protiv inicijative \u201cMini \u0160engen\u201d bile vlasti u Podgorici, Pri\u0161tini i Sarajevu, a \u010dak je i Tirana bila za, kao i Skopje. Ova Rezolucija koja je usvojena u Podgorici je pokazatelj da deo crnogorskih politi\u010dara ne mo\u017ee oprostiti Srbiji uspeh i \u010dinjenicu da, iako je Crna Gora \u010dlan NATO pakta, koji ju je bombardovao kao i Srbiju, Srbija daleko br\u017ee napreduje u ekonomskom i svakom drugom smislu. Srbija je u najte\u017eim trenucima korona krize pomogla Crnoj Gori spa\u0161avanjem njenih gra\u0111ana doniranjem vakcina protiv korona virusa. A ti koji su se prvi vakcinisali vakcinama koje je poklonila Srbija, sada su usvojili rezoluciju koja je usmerena protiv srpskog naroda. Crna Gora \u0107e sada obele\u017eavati 11. jul kao Dan se\u0107anja na \u017ertve Srebrenice, a \u0161ta je sa \u017ertvama Oluje, Bljeska, Kravice, Bratunca, na Kosovu i Metohiji, agresije NATO pakta, gde ima i mnogo Crnogoraca. \u010cak su i svoje \u017ertve zaboravili zato \u0161to je neka ambasada u Podgorici naredila Zdravku Krivokapi\u0107u i Milu \u0110ukanovi\u0107u da usvoje ovakvu rezoluciju. A ti Zdravko Krivokapi\u0107u, kleo si se u pokojnog Mitropoltia Amfilohija. \u0160ta misli\u0161 \u0161ta bi ti sada rekao ?\u201d, ka\u017ee Markovi\u0107.<\/p>\n","protected":false},"excerpt":{"rendered":"<p>JAGODINA-\u201cDeo politi\u010dara Crne Gore, a ne narod Crne Gore, usvajanjem Rezolucije o zabrani negiranja genocida u Srebrenici, overili su Srbiju i srpski narod i zalepili &hellip; <\/p>\n","protected":false},"author":2,"featured_media":26864,"comment_status":"open","ping_status":"open","sticky":false,"template":"","format":"standard","meta":{"footnotes":""},"categories":[1524,2,5643,1514,13,887,12],"tags":[2081,3280,5206,120,5207],"_links":{"self":[{"href":"https:\/\/centralmedia.rs\/index.php\/wp-json\/wp\/v2\/posts\/27217"}],"collection":[{"href":"https:\/\/centralmedia.rs\/index.php\/wp-json\/wp\/v2\/posts"}],"about":[{"href":"https:\/\/centralmedia.rs\/index.php\/wp-json\/wp\/v2\/types\/post"}],"author":[{"embeddable":true,"href":"https:\/\/centralmedia.rs\/index.php\/wp-json\/wp\/v2\/users\/2"}],"replies":[{"embeddable":true,"href":"https:\/\/centralmedia.rs\/index.php\/wp-json\/wp\/v2\/comments?post=27217"}],"version-history":[{"count":1,"href":"https:\/\/centralmedia.rs\/index.php\/wp-json\/wp\/v2\/posts\/27217\/revisions"}],"predecessor-version":[{"id":27218,"href":"https:\/\/centralmedia.rs\/index.php\/wp-json\/wp\/v2\/posts\/27217\/revisions\/27218"}],"wp:featuredmedia":[{"embeddable":true,"href":"https:\/\/centralmedia.rs\/index.php\/wp-json\/wp\/v2\/media\/26864"}],"wp:attachment":[{"href":"https:\/\/centralmedia.rs\/index.php\/wp-json\/wp\/v2\/media?parent=27217"}],"wp:term":[{"taxonomy":"category","embeddable":true,"href":"https:\/\/centralmedia.rs\/index.php\/wp-json\/wp\/v2\/categories?post=27217"},{"taxonomy":"post_tag","embeddable":true,"href":"https:\/\/centralmedia.rs\/index.php\/wp-json\/wp\/v2\/tags?post=27217"}],"curies":[{"name":"wp","href":"https:\/\/api.w.org\/{rel}","templated":true}]}}