{"id":27219,"date":"2021-06-18T14:52:10","date_gmt":"2021-06-18T12:52:10","guid":{"rendered":"http:\/\/centralmedia.rs\/?p=27219"},"modified":"2022-01-04T18:23:31","modified_gmt":"2022-01-04T17:23:31","slug":"sok-u-jutarnjem-seselj-dindic-je-ubio-milana-pantica","status":"publish","type":"post","link":"https:\/\/centralmedia.rs\/index.php\/2021\/06\/18\/sok-u-jutarnjem-seselj-dindic-je-ubio-milana-pantica\/","title":{"rendered":"BEOGRADSKI MEDIJI PRENOSE &#8211; \u0160OK U JUTARNJEM \u0160e\u0161elj: \u0110in\u0111i\u0107 je ubio Milana Panti\u0107a!"},"content":{"rendered":"<p>\u0160e\u0161elj je naveo da iza svega, pored \u0110in\u0111i\u0107a, stoje njegovi najbli\u017ei saradnici Zoran Janju\u0161evi\u0107 i Nemanja Kolesar koji su bili upleteni u nelegalne poslove za koje je novinar Milan Panti\u0107 saznao, prenose beogardski mediji.<\/p>\n<p><img loading=\"lazy\" decoding=\"async\" class=\"alignnone wp-image-27155 size-full\" src=\"http:\/\/centralmedia.rs\/wp-content\/uploads\/2021\/06\/u-ime-naroda.jpg\" alt=\"\" width=\"677\" height=\"381\" srcset=\"https:\/\/centralmedia.rs\/wp-content\/uploads\/2021\/06\/u-ime-naroda.jpg 677w, https:\/\/centralmedia.rs\/wp-content\/uploads\/2021\/06\/u-ime-naroda-300x169.jpg 300w, https:\/\/centralmedia.rs\/wp-content\/uploads\/2021\/06\/u-ime-naroda-640x360.jpg 640w\" sizes=\"(max-width: 677px) 100vw, 677px\" \/><\/p>\n<p>Lider SRS\u00a0Vojislav \u0160e\u0161elj\u00a0rekao je, gostuju\u0107i u jutarnjem programu, da iza ubistva novinara Milana Panti\u0107a stoji\u00a0Zoran \u0110in\u0111i\u0107\u00a0sa svojim saradnicima.<\/p>\n<p data-wtg-lazy=\"1\">\u0160e\u0161elj je naveo da iza svega, pored \u0110in\u0111i\u0107a, stoje njegovi najbli\u017ei saradnici Zoran Janju\u0161evi\u0107 i Nemanja Kolesar koji su bili upleteni u nelegalne poslove za koje je novinar Milan Panti\u0107 saznao.<\/p>\n<p>&#8211; Oni su radili na privatizaciji cementare u Novom Popovcu koja je prodata \u0161vajcarskoj kompaniji Holcim za 52,5 miliona dolara \u010dime je udeo uvlasni\u0161tvu ove kompanije postao 70 odsto. Oni su dogovorili sa \u0161vajcarskom firmom Brajten- Burgen da uplati 2 miliona dolara na ra\u010dun firme Sels LTD sa Sej\u0161ela \u010diji je vlasnik Janju\u0161evi\u0107. Novac je preba\u010den na ra\u010dune Kolesara, Kri\u017eana i Jakovljevi\u0107a koji su u tome u\u010destvovali. Kolesar je po\u010deo da kupuje nekretnine po Beogradu. Sud je pokrenuo istragu koja je obustavljena ubrzo. Predmet jo\u0161 nije zastareo zbog ogromnih suma novca koje su u pitanju, ali je ve\u0107 blizu zastarelosti. Vidite, grupa koja je ubila Milana Panti\u0107a je bila predstavnik re\u017eima &#8211; ispri\u010dao je \u0160e\u0161elj.<\/p>\n<p data-wtg-lazy=\"4\">On navodi da su \u0110in\u0111i\u0107, Janju\u0161evi\u0107 i Kolesar stekli ogromno bogatstvo\u00a0bliskim vezama sa kriminalnim klanovima, kao i da su stajali iza organizovanja otmica poznatih biznismena, ali i reketiranja Bogoljuba Kari\u0107a.<\/p>\n<p data-wtg-lazy=\"5\">&#8211; Kolesar je poslovao sa kriminalnim grupama sa Zvezdare i Vo\u017edovca i \u0110in\u0111i\u0107 je znao za njegove kontakte sa podzemljem. Delio je proviziju sa \u0110in\u0111i\u0107em i blisko sara\u0111ivao sa Du\u0161anom Spasojevi\u0107em. Major Momir Gavrilovi\u0107 je i\u0161ao kod Ko\u0161tunice da mu preda neka dokumenta i on je ubijen na Novom Beogradu. Odmah posle petog oktobra po\u010dinje uspon\u00a0zemunskog\u00a0i sur\u010dinskog klana. Oni su bili jedan klan, pa je \u0110in\u0111i\u0107 re\u0161io da se jedan deo legalizuje, a drugi deo da strpa u zatvor. Onda su po\u010dele otmice, prvo Brenin sin Stefan \u017divojinovi\u0107, pa posle otmice biznismena. Nikada ni\u0161ta nije re\u0161eno, a deo novca od svih prljavih poslova uzeli su Zoran \u0110in\u0111i\u0107 i \u010cedomir Jovanovi\u0107.\u00a0\u0110in\u0111i\u0107 je reketirao Bogoljuba Kari\u0107a i uze mu 200 miliona da ga ne bi uni\u0161tio. Eto, to je radio Zoran \u0110in\u0111i\u0107, a ovde ga predstavljaju kao nekog demokratskog sveca, daju bulevarima ime po njemu i di\u017eu mu spomenike\u00a0&#8211; ispri\u010dao je \u0160e\u0161elj.<\/p>\n<p>\u0160e\u0161elj tvrdi da je Veran Mati\u0107 do\u0161ao do odre\u0111enih saznanja, ali da ne sme dalje da ih iznese.<\/p>\n<p data-wtg-lazy=\"11\">&#8211; Ko zna \u0161ta je sve Veran Mati\u0107 saznao. On ne sme dalje da iza\u0111e u javnost i saop\u0161ti sve &#8211; ka\u017ee \u0160e\u0161elj.<\/p>\n<p data-wtg-lazy=\"12\">Podsetimo, Veran Mati\u0107 iza\u0161ao je u javnost sa tvrdnjom da zna imena ubica novinara Milana Panti\u0107a i\u00a0 da su oni sedeli u vladi Zorana \u0110in\u0111i\u0107a.<\/p>\n","protected":false},"excerpt":{"rendered":"<p>\u0160e\u0161elj je naveo da iza svega, pored \u0110in\u0111i\u0107a, stoje njegovi najbli\u017ei saradnici Zoran Janju\u0161evi\u0107 i Nemanja Kolesar koji su bili upleteni u nelegalne poslove za &hellip; <\/p>\n","protected":false},"author":2,"featured_media":27220,"comment_status":"open","ping_status":"open","sticky":false,"template":"","format":"standard","meta":{"footnotes":""},"categories":[1524,20,2,1514,5643,887,12],"tags":[844,58,462,5209,2020,5211,5208,5210],"_links":{"self":[{"href":"https:\/\/centralmedia.rs\/index.php\/wp-json\/wp\/v2\/posts\/27219"}],"collection":[{"href":"https:\/\/centralmedia.rs\/index.php\/wp-json\/wp\/v2\/posts"}],"about":[{"href":"https:\/\/centralmedia.rs\/index.php\/wp-json\/wp\/v2\/types\/post"}],"author":[{"embeddable":true,"href":"https:\/\/centralmedia.rs\/index.php\/wp-json\/wp\/v2\/users\/2"}],"replies":[{"embeddable":true,"href":"https:\/\/centralmedia.rs\/index.php\/wp-json\/wp\/v2\/comments?post=27219"}],"version-history":[{"count":4,"href":"https:\/\/centralmedia.rs\/index.php\/wp-json\/wp\/v2\/posts\/27219\/revisions"}],"predecessor-version":[{"id":27224,"href":"https:\/\/centralmedia.rs\/index.php\/wp-json\/wp\/v2\/posts\/27219\/revisions\/27224"}],"wp:featuredmedia":[{"embeddable":true,"href":"https:\/\/centralmedia.rs\/index.php\/wp-json\/wp\/v2\/media\/27220"}],"wp:attachment":[{"href":"https:\/\/centralmedia.rs\/index.php\/wp-json\/wp\/v2\/media?parent=27219"}],"wp:term":[{"taxonomy":"category","embeddable":true,"href":"https:\/\/centralmedia.rs\/index.php\/wp-json\/wp\/v2\/categories?post=27219"},{"taxonomy":"post_tag","embeddable":true,"href":"https:\/\/centralmedia.rs\/index.php\/wp-json\/wp\/v2\/tags?post=27219"}],"curies":[{"name":"wp","href":"https:\/\/api.w.org\/{rel}","templated":true}]}}