{"id":27225,"date":"2021-06-18T17:12:11","date_gmt":"2021-06-18T15:12:11","guid":{"rendered":"http:\/\/centralmedia.rs\/?p=27225"},"modified":"2021-06-29T08:46:28","modified_gmt":"2021-06-29T06:46:28","slug":"milos-stojkovic-andrej-vucic-je-uz-dobre-i-iskrene-srbe","status":"publish","type":"post","link":"https:\/\/centralmedia.rs\/index.php\/2021\/06\/18\/milos-stojkovic-andrej-vucic-je-uz-dobre-i-iskrene-srbe\/","title":{"rendered":"MILO\u0160 STOJKOVI\u0106: ANDREJ VU\u010cI\u0106 JE UZ DOBRE I ISKRENE SRBE"},"content":{"rendered":"<p>JAGODINA- Pravoslavni teolog i predstavnik manastira Hilandar\u00a0 Milo\u0161 Stojkovi\u0107 izjavio je\u00a0 povodom neprimerenih medijskih napada na na Andreja Vu\u010di\u0107a, brata predsednika Srbije Aleksandra Vu\u010di\u0107a, da je on uz dobre i iskrene Srbe.<\/p>\n<p>-Andrej Vu\u010di\u0107 je sa nama obi\u010dnima koji nemaju 619 miliona evra, kao \u0161to ni on nema, ali ima srpski duh, \u010dojstvo, ponos i dostojanstvo, to smeta kriminalcima. Ne mrzi nikoga, a voli sve druge.Ima blagoslov Svete Gore i manastira Hilandar, za razliku od onih koji su ukrali 619 miliona evra i sada tim novcem finansiraju antisrpske aktivnosti. Izdali su sve srpsko \u0161to je moglo da se izda, a sada blate sve \u0161to miri\u0161e i li\u010di na srpsko. Pitam te koji blate sve srpsko, da li je Republika Srpska genocidna ili nije, da li su Srbi genocidan narod? Porodica Vu\u010di\u0107 \u0161eta na Spasovdanskoj litiji, gde su oni koji sve sprsko negiraju, pita se Stojkovi\u0107.<\/p>\n<p>-Ko je branio onima koji su bili na vlasti i plja\u010dkali Srbiju da poma\u017eu srpske svetinje i u\u010destvuju i tako saborno i veli\u010danstveno organizuju Spasovdansku litiju. Ko im je branio da obnavljaju konak Svetog Prohora P\u010dinjskog, umesto \u0161to su napadali Eparhiju Vranjsku, dodao je Stojkovi\u0107.<\/p>\n<p>Foto: Hilandar<\/p>\n","protected":false},"excerpt":{"rendered":"<p>JAGODINA- Pravoslavni teolog i predstavnik manastira Hilandar\u00a0 Milo\u0161 Stojkovi\u0107 izjavio je\u00a0 povodom neprimerenih medijskih napada na na Andreja Vu\u010di\u0107a, brata predsednika Srbije Aleksandra Vu\u010di\u0107a, da &hellip; <\/p>\n","protected":false},"author":2,"featured_media":27226,"comment_status":"open","ping_status":"open","sticky":false,"template":"","format":"standard","meta":{"footnotes":""},"categories":[14,2,12],"tags":[5213,5212],"_links":{"self":[{"href":"https:\/\/centralmedia.rs\/index.php\/wp-json\/wp\/v2\/posts\/27225"}],"collection":[{"href":"https:\/\/centralmedia.rs\/index.php\/wp-json\/wp\/v2\/posts"}],"about":[{"href":"https:\/\/centralmedia.rs\/index.php\/wp-json\/wp\/v2\/types\/post"}],"author":[{"embeddable":true,"href":"https:\/\/centralmedia.rs\/index.php\/wp-json\/wp\/v2\/users\/2"}],"replies":[{"embeddable":true,"href":"https:\/\/centralmedia.rs\/index.php\/wp-json\/wp\/v2\/comments?post=27225"}],"version-history":[{"count":3,"href":"https:\/\/centralmedia.rs\/index.php\/wp-json\/wp\/v2\/posts\/27225\/revisions"}],"predecessor-version":[{"id":27229,"href":"https:\/\/centralmedia.rs\/index.php\/wp-json\/wp\/v2\/posts\/27225\/revisions\/27229"}],"wp:featuredmedia":[{"embeddable":true,"href":"https:\/\/centralmedia.rs\/index.php\/wp-json\/wp\/v2\/media\/27226"}],"wp:attachment":[{"href":"https:\/\/centralmedia.rs\/index.php\/wp-json\/wp\/v2\/media?parent=27225"}],"wp:term":[{"taxonomy":"category","embeddable":true,"href":"https:\/\/centralmedia.rs\/index.php\/wp-json\/wp\/v2\/categories?post=27225"},{"taxonomy":"post_tag","embeddable":true,"href":"https:\/\/centralmedia.rs\/index.php\/wp-json\/wp\/v2\/tags?post=27225"}],"curies":[{"name":"wp","href":"https:\/\/api.w.org\/{rel}","templated":true}]}}