{"id":27234,"date":"2021-06-20T21:05:13","date_gmt":"2021-06-20T19:05:13","guid":{"rendered":"http:\/\/centralmedia.rs\/?p=27234"},"modified":"2022-01-04T18:23:22","modified_gmt":"2022-01-04T17:23:22","slug":"palma-ko-radi-protiv-svoje-drzave-taj-je-nacionalni-terorista-ovi-iz-dela-opozicije-su-kao-sekta-a-ko-radi-protiv-svoje-drzave-ako-ne-bude-kaznjen-formalno-bice-kaznjen-od-onoga-gore","status":"publish","type":"post","link":"https:\/\/centralmedia.rs\/index.php\/2021\/06\/20\/palma-ko-radi-protiv-svoje-drzave-taj-je-nacionalni-terorista-ovi-iz-dela-opozicije-su-kao-sekta-a-ko-radi-protiv-svoje-drzave-ako-ne-bude-kaznjen-formalno-bice-kaznjen-od-onoga-gore\/","title":{"rendered":"PALMA : KO RADI PROTIV SVOJE DR\u017dAVE TAJ JE NACIONALNI TERORISTA. OVI IZ DELA OPOZICIJE SU KAO SEKTA, A KO RADI PROTIV SVOJE DR\u017dAVE, AKO NE BUDE KA\u017dNJEN FORMALNO, BI\u0106E KA\u017dNJEN OD \u201cONOGA GORE\u201d"},"content":{"rendered":"<p>\u201cOno \u0161to je najva\u017enije u ovo vreme je da svi moramo da budemo jedinstveni, kada neke svetske sile i neke dr\u017eave koje su \u010dinile biv\u0161u Jugoslaviju, sve vreme rade na \u0161tetu gra\u0111ana Srbije. Tako mi imamo i u Srbiji neke iz opozicije koji stalno rade protiv dr\u017eave Srbije i gra\u0111ana Srbije. Malo\u010das je na\u0161 sve\u0161tenik Sr\u0111an rekao da \u201cmoramo \u010duvati selo od zla i gmizavaca\u201d. A ja slobodno mogu da ka\u017eem da takva pojava postoji i u politici i to je kao neka sekta, koja sve vreme la\u017eima \u017eeli da ubedi gra\u0111ane Srbije da je \u017eivot i ono \u0161to se radi u Srbiji ne\u0161to druga\u010dije. To se zove nacionalni terorizam, koji \u010dine dvojica predsednika dve opozicione partije u Srbiji, kojima na dana\u0161nji dan ne \u017eelim da pominjem imena, a zna se na koga mislim. Ta dvojica stalno \u0161alju neke primedbe, koje samo oni vide iz njihovog ugla i Evropskom parlamentu i drugim me\u0111unarodnim instiucijama, koje odlu\u010duju o Srbiji i njenim gra\u0111anima i zato Srbija ovoliko dugo \u010deka na evropskom putu i zato se Srbiji stalno ne\u0161to zamera. Srbiji se zamera to \u0161to je Srbija postala ekonomski mo\u0107nik, ne samo na Balkanu, nego i u Evropi. Ono \u0161to je za nas najva\u017enije je da budemo jedinstveni, a oni koji rade protiv gra\u0111ana Srbije, siguran sam da \u0107e oni biti ka\u017enjeni, ako ne formalno, onda\u00a0 od \u201conog gore\u201d, jer, ako mi ne verujemo da ne\u0161to postoji, a postoji sigurno, onda se pitamo gde provodimo vreme i za koga \u017eivimo\u201d, rekao je predsednik Jedinstvene Srbije na tradicionalnom obele\u017eavanju Svete Trojice u Kon\u010darevu.<\/p>\n<div id='gallery-1' class='gallery galleryid-27234 gallery-columns-3 gallery-size-full'><figure class='gallery-item'>\n\t\t\t<div class='gallery-icon landscape'>\n\t\t\t\t<a href='https:\/\/centralmedia.rs\/index.php\/2021\/06\/20\/palma-ko-radi-protiv-svoje-drzave-taj-je-nacionalni-terorista-ovi-iz-dela-opozicije-su-kao-sekta-a-ko-radi-protiv-svoje-drzave-ako-ne-bude-kaznjen-formalno-bice-kaznjen-od-onoga-gore\/trojica-2\/'><img loading=\"lazy\" decoding=\"async\" width=\"1600\" height=\"1062\" src=\"https:\/\/centralmedia.rs\/wp-content\/uploads\/2021\/06\/trojica-2.jpg\" class=\"attachment-full size-full\" alt=\"\" srcset=\"https:\/\/centralmedia.rs\/wp-content\/uploads\/2021\/06\/trojica-2.jpg 1600w, https:\/\/centralmedia.rs\/wp-content\/uploads\/2021\/06\/trojica-2-300x199.jpg 300w, https:\/\/centralmedia.rs\/wp-content\/uploads\/2021\/06\/trojica-2-768x510.jpg 768w, https:\/\/centralmedia.rs\/wp-content\/uploads\/2021\/06\/trojica-2-1024x680.jpg 1024w, https:\/\/centralmedia.rs\/wp-content\/uploads\/2021\/06\/trojica-2-633x420.jpg 633w, https:\/\/centralmedia.rs\/wp-content\/uploads\/2021\/06\/trojica-2-640x425.jpg 640w, https:\/\/centralmedia.rs\/wp-content\/uploads\/2021\/06\/trojica-2-681x452.jpg 681w\" sizes=\"(max-width: 1600px) 100vw, 1600px\" \/><\/a>\n\t\t\t<\/div><\/figure><figure class='gallery-item'>\n\t\t\t<div class='gallery-icon landscape'>\n\t\t\t\t<a href='https:\/\/centralmedia.rs\/index.php\/2021\/06\/20\/palma-ko-radi-protiv-svoje-drzave-taj-je-nacionalni-terorista-ovi-iz-dela-opozicije-su-kao-sekta-a-ko-radi-protiv-svoje-drzave-ako-ne-bude-kaznjen-formalno-bice-kaznjen-od-onoga-gore\/trojica-4\/'><img loading=\"lazy\" decoding=\"async\" width=\"1600\" height=\"1059\" src=\"https:\/\/centralmedia.rs\/wp-content\/uploads\/2021\/06\/trojica-4.jpg\" class=\"attachment-full size-full\" alt=\"\" srcset=\"https:\/\/centralmedia.rs\/wp-content\/uploads\/2021\/06\/trojica-4.jpg 1600w, https:\/\/centralmedia.rs\/wp-content\/uploads\/2021\/06\/trojica-4-300x199.jpg 300w, https:\/\/centralmedia.rs\/wp-content\/uploads\/2021\/06\/trojica-4-768x508.jpg 768w, https:\/\/centralmedia.rs\/wp-content\/uploads\/2021\/06\/trojica-4-1024x678.jpg 1024w, https:\/\/centralmedia.rs\/wp-content\/uploads\/2021\/06\/trojica-4-635x420.jpg 635w, https:\/\/centralmedia.rs\/wp-content\/uploads\/2021\/06\/trojica-4-640x424.jpg 640w, https:\/\/centralmedia.rs\/wp-content\/uploads\/2021\/06\/trojica-4-681x451.jpg 681w\" sizes=\"(max-width: 1600px) 100vw, 1600px\" \/><\/a>\n\t\t\t<\/div><\/figure><figure class='gallery-item'>\n\t\t\t<div class='gallery-icon landscape'>\n\t\t\t\t<a href='https:\/\/centralmedia.rs\/index.php\/2021\/06\/20\/palma-ko-radi-protiv-svoje-drzave-taj-je-nacionalni-terorista-ovi-iz-dela-opozicije-su-kao-sekta-a-ko-radi-protiv-svoje-drzave-ako-ne-bude-kaznjen-formalno-bice-kaznjen-od-onoga-gore\/trojica5\/'><img loading=\"lazy\" decoding=\"async\" width=\"1600\" height=\"1059\" src=\"https:\/\/centralmedia.rs\/wp-content\/uploads\/2021\/06\/trojica5.jpg\" class=\"attachment-full size-full\" alt=\"\" srcset=\"https:\/\/centralmedia.rs\/wp-content\/uploads\/2021\/06\/trojica5.jpg 1600w, https:\/\/centralmedia.rs\/wp-content\/uploads\/2021\/06\/trojica5-300x199.jpg 300w, https:\/\/centralmedia.rs\/wp-content\/uploads\/2021\/06\/trojica5-768x508.jpg 768w, https:\/\/centralmedia.rs\/wp-content\/uploads\/2021\/06\/trojica5-1024x678.jpg 1024w, https:\/\/centralmedia.rs\/wp-content\/uploads\/2021\/06\/trojica5-635x420.jpg 635w, https:\/\/centralmedia.rs\/wp-content\/uploads\/2021\/06\/trojica5-640x424.jpg 640w, https:\/\/centralmedia.rs\/wp-content\/uploads\/2021\/06\/trojica5-681x451.jpg 681w\" sizes=\"(max-width: 1600px) 100vw, 1600px\" \/><\/a>\n\t\t\t<\/div><\/figure>\n\t\t<\/div>\n\n<p>&nbsp;<\/p>\n<p>CRKVA I DR\u017dAVA U SRBIJI SU JEDINSTVENI<\/p>\n<p>&nbsp;<\/p>\n<p>\u201cVe\u0107ina gra\u0111ana Srbije tradicionalno obele\u017eava neke verske praznike, ali bitno je pored tradicije, da mi verujemo u ono \u0161to radimo. Tradicija je jedno, a vernost i da zna\u0161 zbog \u010dega to radi\u0161, zbog \u010dega to slavi\u0161 je drugo. Moram i da pohvalim predsednika Srbije Aleksandra Vu\u010di\u0107a za odnos dr\u017eave prema crkvi. Prilikom moje poslednje posete Solunu, kada je na\u0161u delegaciju primio Mitropolit Solunski Varnava, jedan od 5 \u010dlanova Sinoda Gr\u010dke pravoslavne crkve, Mitroplit Varnava mi je rekao kako u poslednjih sedam, osam godina, dr\u017eava Srbija mnogo poma\u017ee crkvi. Crkva i narod moraju biti zajedno i jedino tako mo\u017eemo da pobedimo sve ono \u0161to se zove zlo, 1999. godine je to bio NATO pakt, a danas je to zlo nevidljivo. Ono \u0161to je danas va\u017eno je da su dr\u017eava i crkva jedinstveni oko nacionalnog pitanja. Nikada ne\u0107emo priznati takozvano nezavisno Kosovo. Albanci su i ju\u010de na zadu\u0161nice pokazali, kako bi izgledali srpski pravoslavni hramovi i nadgrobni spomenici kada bi oni postali \u010dlan UNESKA. Albanci bi kada bi postali \u010dlan UNESKA sve srpske pravoslavne crkve i spomenike ugasili. Me\u0111unarodna zajednica \u0107uti o ru\u0161enju srpskih spomenika na Kosovu i Metohiji, a \u0107uti i deo opzicionih partija u Srbiji. Srbija tra\u017ei da se Albanci pona\u0161aju prema pravoslavnim hramovima i spomenicima, onako kako se Srbija pona\u0161a prema drugim verskim zajednicama u Srbiji\u201d, rekao je danas predsednik Jedinstvene Srbije Dragan Markovi\u0107 Palma na tradicionalnom obele\u017eavanju Svete Trojice uz Kon\u010darevu kod hrasta starog oko 200 godina.<\/p>\n<p>&nbsp;<\/p>\n","protected":false},"excerpt":{"rendered":"<p>\u201cOno \u0161to je najva\u017enije u ovo vreme je da svi moramo da budemo jedinstveni, kada neke svetske sile i neke dr\u017eave koje su \u010dinile biv\u0161u &hellip; <\/p>\n","protected":false},"author":2,"featured_media":27235,"comment_status":"open","ping_status":"open","sticky":false,"template":"","format":"standard","meta":{"footnotes":""},"categories":[1524,2,1514,5643,13,887,12],"tags":[5215,120],"_links":{"self":[{"href":"https:\/\/centralmedia.rs\/index.php\/wp-json\/wp\/v2\/posts\/27234"}],"collection":[{"href":"https:\/\/centralmedia.rs\/index.php\/wp-json\/wp\/v2\/posts"}],"about":[{"href":"https:\/\/centralmedia.rs\/index.php\/wp-json\/wp\/v2\/types\/post"}],"author":[{"embeddable":true,"href":"https:\/\/centralmedia.rs\/index.php\/wp-json\/wp\/v2\/users\/2"}],"replies":[{"embeddable":true,"href":"https:\/\/centralmedia.rs\/index.php\/wp-json\/wp\/v2\/comments?post=27234"}],"version-history":[{"count":1,"href":"https:\/\/centralmedia.rs\/index.php\/wp-json\/wp\/v2\/posts\/27234\/revisions"}],"predecessor-version":[{"id":27239,"href":"https:\/\/centralmedia.rs\/index.php\/wp-json\/wp\/v2\/posts\/27234\/revisions\/27239"}],"wp:featuredmedia":[{"embeddable":true,"href":"https:\/\/centralmedia.rs\/index.php\/wp-json\/wp\/v2\/media\/27235"}],"wp:attachment":[{"href":"https:\/\/centralmedia.rs\/index.php\/wp-json\/wp\/v2\/media?parent=27234"}],"wp:term":[{"taxonomy":"category","embeddable":true,"href":"https:\/\/centralmedia.rs\/index.php\/wp-json\/wp\/v2\/categories?post=27234"},{"taxonomy":"post_tag","embeddable":true,"href":"https:\/\/centralmedia.rs\/index.php\/wp-json\/wp\/v2\/tags?post=27234"}],"curies":[{"name":"wp","href":"https:\/\/api.w.org\/{rel}","templated":true}]}}