{"id":27254,"date":"2021-06-22T15:00:12","date_gmt":"2021-06-22T13:00:12","guid":{"rendered":"http:\/\/centralmedia.rs\/?p=27254"},"modified":"2022-01-04T18:23:02","modified_gmt":"2022-01-04T17:23:02","slug":"palma-rezolucija-o-genocidu-u-srebrenici-u-crnoj-gori-je-platforma-za-ostale-drzave-bivse-clanice-jugoslavije-da-urade-to-isto","status":"publish","type":"post","link":"https:\/\/centralmedia.rs\/index.php\/2021\/06\/22\/palma-rezolucija-o-genocidu-u-srebrenici-u-crnoj-gori-je-platforma-za-ostale-drzave-bivse-clanice-jugoslavije-da-urade-to-isto\/","title":{"rendered":"PALMA : REZOLUCIJA O GENOCIDU U SREBRENICI U CRNOJ GORI JE PLATFORMA ZA OSTALE DR\u017dAVE, BIV\u0160E \u010cLANICE JUGOSLAVIJE, DA URADE TO ISTO"},"content":{"rendered":"<p>\u201cRezolucija o zabrani negiranja genocida u Srebrenici, koju je usvojila Skup\u0161tina Crne Gore je platforma za pritisak me\u0111unarodne zajednice na ostale dr\u017eave, biv\u0161e republike biv\u0161e Jugoslavije, da urade to isto. I re\u0107i \u0107e im \u201cevo kada je takvu rezoluciju usvojila Crna Gora, koja je najbli\u017ea Srbiji, usvojite i vi\u201d. Drugi razlog usvajanja ove rezolucije je pritisak da se Republika Srpska proglasti za genocidnu republiku i da joj se oduzmu prava koja ima po Dejtonskom sporazumu. I tre\u0107i razlog je povratak na vlast u Crnoj Gori na velika vrata Mila \u0110ukanovi\u0107a\u201d, izjavio je predsednik Jedinstvene Srbije Dragan Markovi\u0107 Palma gostuju\u0107i na televiziji Pink. \u201cOdluka Skup\u0161tine Crne Gore nije odluka naroda Crne Gore, ve\u0107 je to politi\u010dka odluka. Siguran sam da se 97 posto gra\u0111ana Crne Gore ne sla\u017ee sa ovom rezolucijom. Ali Milo \u0110ukanovi\u0107 je ma\u0111ioni\u010dar na politi\u010dkoj sceni. To da neko toliko dugo vlada, a da je taj zajedno sa Srbijom i srpskim narodom u\u010destvovao u nametnutim ratovima na prostoru biv\u0161e Jugoslavije je magija. I on sada ka\u017ee \u201cnisam ja ratovao nigde i nisam bio nigde majke mi, oni su drugi\u201d. Ovom rezolucijom je naneta velika \u0161teta srpskom narodu, Republici Srpskoj i Srbiji. Srbija se ne me\u0161a u unutra\u0161nje stvari Crne Gore, ali se Crna Gora me\u0161a u teritorijalni integritet i suverenitet Srbije. \u0160to se ti\u010de Zdravka Krivokapi\u0107a, on je izneverio i svoju porodicu i Srpsku pravoslavnu crkvu. On je kao mlaka voda, niti da se kupa\u0161 u njoj, niti da je pije\u0161\u201d, rekao je Markovi\u0107. \u201cMilo \u0110ukanovi\u0107 ne mo\u017ee da oprosti Srbiji ekonomski uspeh, me\u0111unarodnu popularnost Srbije, najvi\u0161i rejting u istoriji Srbije i u MMF \u2013 u i u Svetskoj banci. Ja ne\u0107u vi\u0161e da pozivam gra\u0111ane Srbije da ne letuju u Crnoj Gori. Neka svako ide na more tamo gde voli, ali Milu \u0110ukanovi\u0107u Srbija ne mo\u017ee da oprosti \u0161tetu koju nam je naneo. Milo \u0110ukanovi\u0107 \u0107e na kraju prihvatiti Zdravka Krivokapi\u0107a, ali politi\u010dari u Crnoj Gori, a ne narod, donose odluke na \u0161tetu Srbije koja je izgradila 80 posto Crne Gore od zemljotresa do turizma. Sada \u0107e do\u0107i do velikog pritiska da Hrvatska, Slovenija, Bosna i Hercegovine i Severna Makedonija donesu iste rezolcije kao Crna Gora. Ja ih molim da to ne urade, jer genocida u Srebrenici nije bilo. Ko je pojedina\u010dno odgovoran za zlo\u010din neka odgovara\u201d, rekao je Markovi\u0107.<\/p>\n","protected":false},"excerpt":{"rendered":"<p>\u201cRezolucija o zabrani negiranja genocida u Srebrenici, koju je usvojila Skup\u0161tina Crne Gore je platforma za pritisak me\u0111unarodne zajednice na ostale dr\u017eave, biv\u0161e republike biv\u0161e &hellip; <\/p>\n","protected":false},"author":2,"featured_media":26850,"comment_status":"open","ping_status":"open","sticky":false,"template":"","format":"standard","meta":{"footnotes":""},"categories":[1524,2,5643,1514,13,887,12],"tags":[2081,120,5217,5207],"_links":{"self":[{"href":"https:\/\/centralmedia.rs\/index.php\/wp-json\/wp\/v2\/posts\/27254"}],"collection":[{"href":"https:\/\/centralmedia.rs\/index.php\/wp-json\/wp\/v2\/posts"}],"about":[{"href":"https:\/\/centralmedia.rs\/index.php\/wp-json\/wp\/v2\/types\/post"}],"author":[{"embeddable":true,"href":"https:\/\/centralmedia.rs\/index.php\/wp-json\/wp\/v2\/users\/2"}],"replies":[{"embeddable":true,"href":"https:\/\/centralmedia.rs\/index.php\/wp-json\/wp\/v2\/comments?post=27254"}],"version-history":[{"count":1,"href":"https:\/\/centralmedia.rs\/index.php\/wp-json\/wp\/v2\/posts\/27254\/revisions"}],"predecessor-version":[{"id":27255,"href":"https:\/\/centralmedia.rs\/index.php\/wp-json\/wp\/v2\/posts\/27254\/revisions\/27255"}],"wp:featuredmedia":[{"embeddable":true,"href":"https:\/\/centralmedia.rs\/index.php\/wp-json\/wp\/v2\/media\/26850"}],"wp:attachment":[{"href":"https:\/\/centralmedia.rs\/index.php\/wp-json\/wp\/v2\/media?parent=27254"}],"wp:term":[{"taxonomy":"category","embeddable":true,"href":"https:\/\/centralmedia.rs\/index.php\/wp-json\/wp\/v2\/categories?post=27254"},{"taxonomy":"post_tag","embeddable":true,"href":"https:\/\/centralmedia.rs\/index.php\/wp-json\/wp\/v2\/tags?post=27254"}],"curies":[{"name":"wp","href":"https:\/\/api.w.org\/{rel}","templated":true}]}}