{"id":27282,"date":"2021-06-26T16:22:34","date_gmt":"2021-06-26T14:22:34","guid":{"rendered":"http:\/\/centralmedia.rs\/?p=27282"},"modified":"2022-01-04T18:22:29","modified_gmt":"2022-01-04T17:22:29","slug":"pohvale-za-svilajnac-od-ministarstva-za-brigu-o-porodici-i-demografiju","status":"publish","type":"post","link":"https:\/\/centralmedia.rs\/index.php\/2021\/06\/26\/pohvale-za-svilajnac-od-ministarstva-za-brigu-o-porodici-i-demografiju\/","title":{"rendered":"Pohvale za Svilajnac od Ministarstva za brigu o porodici i demografiju"},"content":{"rendered":"<p>SVILAJNAC-Pomo\u0107nica Ministra za brigu o porodici i demografiju Aleksandra \u010camagi\u0107 posetila je ju\u010de op\u0161tinu Svilajnac i Centar za brigu o porodici, istakav\u0161i da je op\u0161tina Svilajnac jedan od pozitivnih primera kako lokalna samouprava, pored direktnih finansijskih davanja porodici, aktivno radi na stvaranju uslova da mladi ljudi ostanu u svojoj sredini ili se tu vrate nakon \u0161kolovanja:<\/p>\n<p>&#8220;Svilajnac je najbolji primer kako se zatvara krug podr\u0161ke od republi\u010dkog nivoa do lokalne zajednice, a jedino takvim zajedni\u010dkim radom porodica mo\u017ee da se vrati na centralno mesto u dru\u0161tvu&#8221; izjavila je Aleksandra \u010camagi\u0107.<\/p>\n<div id='gallery-1' class='gallery galleryid-27282 gallery-columns-3 gallery-size-thumbnail'><figure class='gallery-item'>\n\t\t\t<div class='gallery-icon portrait'>\n\t\t\t\t<a href='https:\/\/centralmedia.rs\/index.php\/2021\/06\/26\/pohvale-za-svilajnac-od-ministarstva-za-brigu-o-porodici-i-demografiju\/centar1-3\/'><img loading=\"lazy\" decoding=\"async\" width=\"150\" height=\"150\" src=\"https:\/\/centralmedia.rs\/wp-content\/uploads\/2021\/06\/centar1-150x150.jpg\" class=\"attachment-thumbnail size-thumbnail\" alt=\"\" \/><\/a>\n\t\t\t<\/div><\/figure><figure class='gallery-item'>\n\t\t\t<div class='gallery-icon portrait'>\n\t\t\t\t<a href='https:\/\/centralmedia.rs\/index.php\/2021\/06\/26\/pohvale-za-svilajnac-od-ministarstva-za-brigu-o-porodici-i-demografiju\/centar2-2\/'><img loading=\"lazy\" decoding=\"async\" width=\"150\" height=\"150\" src=\"https:\/\/centralmedia.rs\/wp-content\/uploads\/2021\/06\/centar2-150x150.jpg\" class=\"attachment-thumbnail size-thumbnail\" alt=\"\" \/><\/a>\n\t\t\t<\/div><\/figure><figure class='gallery-item'>\n\t\t\t<div class='gallery-icon portrait'>\n\t\t\t\t<a href='https:\/\/centralmedia.rs\/index.php\/2021\/06\/26\/pohvale-za-svilajnac-od-ministarstva-za-brigu-o-porodici-i-demografiju\/centar-11\/'><img loading=\"lazy\" decoding=\"async\" width=\"150\" height=\"150\" src=\"https:\/\/centralmedia.rs\/wp-content\/uploads\/2021\/06\/centar-150x150.jpg\" class=\"attachment-thumbnail size-thumbnail\" alt=\"\" \/><\/a>\n\t\t\t<\/div><\/figure>\n\t\t<\/div>\n\n<p>Briga o porodici mora biti dugoro\u010dna i stalna i ne zavr\u0161ava se roditeljskim dodatkom ili jednokratnom pomo\u0107i, zaklju\u010deno je na sastanku predstavnika Ministarstva sa zamenikom predsednika op\u0161tine Svilajnac Draganom Radevi\u0107, koja je istakla da op\u0161tina Svilajnac aktivno radi na stvaranju uslova za pobolj\u0161anje kvaliteta \u017eivota mladih, istovremeno podsti\u010du\u0107i njihovu afirmaciju poslovnom, ali i porodi\u010dnom planu:<\/p>\n<p>&#8220;Kroz stipendije nagra\u0111ujemo najbolje u\u010denike i studente, mladima posle \u0161kolovanja obezbe\u0111ujemo pripravni\u010dki sta\u017e i prve ugovore za posao, nudimo im sportske i kulturne sadr\u017eaje, dobre infrastrukturne i sve druge uslove kako bi se odlu\u010dili da ovde osnuju svoje porodice&#8221; &#8211; izjavila je Dragana Radevi\u0107.<\/p>\n<p>&nbsp;<\/p>\n","protected":false},"excerpt":{"rendered":"<p>SVILAJNAC-Pomo\u0107nica Ministra za brigu o porodici i demografiju Aleksandra \u010camagi\u0107 posetila je ju\u010de op\u0161tinu Svilajnac i Centar za brigu o porodici, istakav\u0161i da je op\u0161tina &hellip; <\/p>\n","protected":false},"author":2,"featured_media":27283,"comment_status":"open","ping_status":"open","sticky":false,"template":"","format":"standard","meta":{"footnotes":""},"categories":[14,1524,2,5643,887,12,1517],"tags":[3461,3633,38],"_links":{"self":[{"href":"https:\/\/centralmedia.rs\/index.php\/wp-json\/wp\/v2\/posts\/27282"}],"collection":[{"href":"https:\/\/centralmedia.rs\/index.php\/wp-json\/wp\/v2\/posts"}],"about":[{"href":"https:\/\/centralmedia.rs\/index.php\/wp-json\/wp\/v2\/types\/post"}],"author":[{"embeddable":true,"href":"https:\/\/centralmedia.rs\/index.php\/wp-json\/wp\/v2\/users\/2"}],"replies":[{"embeddable":true,"href":"https:\/\/centralmedia.rs\/index.php\/wp-json\/wp\/v2\/comments?post=27282"}],"version-history":[{"count":1,"href":"https:\/\/centralmedia.rs\/index.php\/wp-json\/wp\/v2\/posts\/27282\/revisions"}],"predecessor-version":[{"id":27286,"href":"https:\/\/centralmedia.rs\/index.php\/wp-json\/wp\/v2\/posts\/27282\/revisions\/27286"}],"wp:featuredmedia":[{"embeddable":true,"href":"https:\/\/centralmedia.rs\/index.php\/wp-json\/wp\/v2\/media\/27283"}],"wp:attachment":[{"href":"https:\/\/centralmedia.rs\/index.php\/wp-json\/wp\/v2\/media?parent=27282"}],"wp:term":[{"taxonomy":"category","embeddable":true,"href":"https:\/\/centralmedia.rs\/index.php\/wp-json\/wp\/v2\/categories?post=27282"},{"taxonomy":"post_tag","embeddable":true,"href":"https:\/\/centralmedia.rs\/index.php\/wp-json\/wp\/v2\/tags?post=27282"}],"curies":[{"name":"wp","href":"https:\/\/api.w.org\/{rel}","templated":true}]}}