{"id":27287,"date":"2021-06-26T16:56:44","date_gmt":"2021-06-26T14:56:44","guid":{"rendered":"http:\/\/centralmedia.rs\/?p=27287"},"modified":"2022-01-04T18:21:42","modified_gmt":"2022-01-04T17:21:42","slug":"svilajnac-i-jagodina-potpisali-ugovor-sa-ministarstvom-rudarstva-i-energetike","status":"publish","type":"post","link":"https:\/\/centralmedia.rs\/index.php\/2021\/06\/26\/svilajnac-i-jagodina-potpisali-ugovor-sa-ministarstvom-rudarstva-i-energetike\/","title":{"rendered":"SVILAJNAC I JAGODINA POTPISALI UGOVOR SA MINISTARSTVOM RUDARSTVA I ENERGETIKE"},"content":{"rendered":"<p>SVILAJNAC-Op\u0161tina Svilajnac i Grad Jagodina potpisali su u Kraljevu Ugovor o sufinansiranju programa energetske sanacije stambenih zgrada, porodi\u010dnih ku\u0107a i stanova sa Ministarstvom rudarstva i energetike. Ukupan iznos obezbe\u0111enih sredstava je 10 miliona dinara, odnosno po 5 miliona dinara, po 2,5 miliona dinara obezbe\u0111uje Ministarstvo rudarstva i energetike, a po 2,5 miliona dinara su sredstva iz bud\u017eeta Grada Jagodina i op\u0161tine Svilajnac. To je polovina sredstava za finansiranje projekta, dok preostalih 50% obezbe\u0111uju gra\u0111ani.<\/p>\n<div id='gallery-1' class='gallery galleryid-27287 gallery-columns-7 gallery-size-thumbnail'><figure class='gallery-item'>\n\t\t\t<div class='gallery-icon landscape'>\n\t\t\t\t<a href='https:\/\/centralmedia.rs\/index.php\/2021\/06\/26\/svilajnac-i-jagodina-potpisali-ugovor-sa-ministarstvom-rudarstva-i-energetike\/resenje-4\/'><img loading=\"lazy\" decoding=\"async\" width=\"150\" height=\"150\" src=\"https:\/\/centralmedia.rs\/wp-content\/uploads\/2021\/06\/resenje-150x150.jpg\" class=\"attachment-thumbnail size-thumbnail\" alt=\"\" \/><\/a>\n\t\t\t<\/div><\/figure><figure class='gallery-item'>\n\t\t\t<div class='gallery-icon portrait'>\n\t\t\t\t<a href='https:\/\/centralmedia.rs\/index.php\/2021\/06\/26\/svilajnac-i-jagodina-potpisali-ugovor-sa-ministarstvom-rudarstva-i-energetike\/resenje1-2\/'><img loading=\"lazy\" decoding=\"async\" width=\"150\" height=\"150\" src=\"https:\/\/centralmedia.rs\/wp-content\/uploads\/2021\/06\/resenje1-150x150.jpg\" class=\"attachment-thumbnail size-thumbnail\" alt=\"\" \/><\/a>\n\t\t\t<\/div><\/figure><figure class='gallery-item'>\n\t\t\t<div class='gallery-icon portrait'>\n\t\t\t\t<a href='https:\/\/centralmedia.rs\/index.php\/2021\/06\/26\/svilajnac-i-jagodina-potpisali-ugovor-sa-ministarstvom-rudarstva-i-energetike\/resenje2-2\/'><img loading=\"lazy\" decoding=\"async\" width=\"150\" height=\"150\" src=\"https:\/\/centralmedia.rs\/wp-content\/uploads\/2021\/06\/resenje2-150x150.jpg\" class=\"attachment-thumbnail size-thumbnail\" alt=\"\" \/><\/a>\n\t\t\t<\/div><\/figure><figure class='gallery-item'>\n\t\t\t<div class='gallery-icon landscape'>\n\t\t\t\t<a href='https:\/\/centralmedia.rs\/index.php\/2021\/06\/26\/svilajnac-i-jagodina-potpisali-ugovor-sa-ministarstvom-rudarstva-i-energetike\/stolarija-zamena\/'><img loading=\"lazy\" decoding=\"async\" width=\"150\" height=\"150\" src=\"https:\/\/centralmedia.rs\/wp-content\/uploads\/2021\/06\/stolarija-zamena-150x150.jpg\" class=\"attachment-thumbnail size-thumbnail\" alt=\"\" \/><\/a>\n\t\t\t<\/div><\/figure><figure class='gallery-item'>\n\t\t\t<div class='gallery-icon landscape'>\n\t\t\t\t<a href='https:\/\/centralmedia.rs\/index.php\/2021\/06\/26\/svilajnac-i-jagodina-potpisali-ugovor-sa-ministarstvom-rudarstva-i-energetike\/stolarija-zamena1\/'><img loading=\"lazy\" decoding=\"async\" width=\"150\" height=\"150\" src=\"https:\/\/centralmedia.rs\/wp-content\/uploads\/2021\/06\/stolarija-zamena1-150x150.jpg\" class=\"attachment-thumbnail size-thumbnail\" alt=\"\" \/><\/a>\n\t\t\t<\/div><\/figure><figure class='gallery-item'>\n\t\t\t<div class='gallery-icon landscape'>\n\t\t\t\t<a href='https:\/\/centralmedia.rs\/index.php\/2021\/06\/26\/svilajnac-i-jagodina-potpisali-ugovor-sa-ministarstvom-rudarstva-i-energetike\/stolarija-zamena2\/'><img loading=\"lazy\" decoding=\"async\" width=\"150\" height=\"150\" src=\"https:\/\/centralmedia.rs\/wp-content\/uploads\/2021\/06\/stolarija-zamena2-150x150.jpg\" class=\"attachment-thumbnail size-thumbnail\" alt=\"\" \/><\/a>\n\t\t\t<\/div><\/figure><figure class='gallery-item'>\n\t\t\t<div class='gallery-icon portrait'>\n\t\t\t\t<a href='https:\/\/centralmedia.rs\/index.php\/2021\/06\/26\/svilajnac-i-jagodina-potpisali-ugovor-sa-ministarstvom-rudarstva-i-energetike\/stolarija-zamena3\/'><img loading=\"lazy\" decoding=\"async\" width=\"150\" height=\"150\" src=\"https:\/\/centralmedia.rs\/wp-content\/uploads\/2021\/06\/stolarija-zamena3-150x150.jpg\" class=\"attachment-thumbnail size-thumbnail\" alt=\"\" \/><\/a>\n\t\t\t<\/div><\/figure>\n\t\t<\/div>\n\n<p>Ovim sredstvima finansira\u0107e se ugradnja i nabavka materijala za termi\u010dku izolaciju, zamena stolarije i nabavka i instalacija kotlova na prirodni gas ili biomasu za doma\u0107instva.<\/p>\n<p>Grad Jagodina i op\u0161tina Svilajnac su me\u0111u 67 lokalnih samouprava u Srbiji, a jedine u Pomoravskom okrugu, koje su ispunile sve uslove i kriterijume na Konkursu Ministarstva rudarstva i energetike i dobile sredstva.<\/p>\n<p>\u201ePrvi javni poziv ide prema kompanijama koje \u0107e morati da ispune uslove, odnosno da garantuju cenu, rokove i kvalitet. Rok za poziv kompanijama koje raspisuju lokalne samouprave je 10. jul. Slede\u0107i korak je poziv gra\u0111ankama i gra\u0111anima koji su zainteresovani za ovaj projekat. Sve mora biti javno, dostupno i svi rokovi moraju biti po\u0161tovani\u201c, istakla je ministarka Zorana Mihajlovi\u0107.<\/p>\n","protected":false},"excerpt":{"rendered":"<p>SVILAJNAC-Op\u0161tina Svilajnac i Grad Jagodina potpisali su u Kraljevu Ugovor o sufinansiranju programa energetske sanacije stambenih zgrada, porodi\u010dnih ku\u0107a i stanova sa Ministarstvom rudarstva i &hellip; <\/p>\n","protected":false},"author":2,"featured_media":27288,"comment_status":"open","ping_status":"open","sticky":false,"template":"","format":"standard","meta":{"footnotes":""},"categories":[22,1524,2,5643,1514,887,12,1517],"tags":[5226,58,3633,5225,38,3808],"_links":{"self":[{"href":"https:\/\/centralmedia.rs\/index.php\/wp-json\/wp\/v2\/posts\/27287"}],"collection":[{"href":"https:\/\/centralmedia.rs\/index.php\/wp-json\/wp\/v2\/posts"}],"about":[{"href":"https:\/\/centralmedia.rs\/index.php\/wp-json\/wp\/v2\/types\/post"}],"author":[{"embeddable":true,"href":"https:\/\/centralmedia.rs\/index.php\/wp-json\/wp\/v2\/users\/2"}],"replies":[{"embeddable":true,"href":"https:\/\/centralmedia.rs\/index.php\/wp-json\/wp\/v2\/comments?post=27287"}],"version-history":[{"count":1,"href":"https:\/\/centralmedia.rs\/index.php\/wp-json\/wp\/v2\/posts\/27287\/revisions"}],"predecessor-version":[{"id":27296,"href":"https:\/\/centralmedia.rs\/index.php\/wp-json\/wp\/v2\/posts\/27287\/revisions\/27296"}],"wp:featuredmedia":[{"embeddable":true,"href":"https:\/\/centralmedia.rs\/index.php\/wp-json\/wp\/v2\/media\/27288"}],"wp:attachment":[{"href":"https:\/\/centralmedia.rs\/index.php\/wp-json\/wp\/v2\/media?parent=27287"}],"wp:term":[{"taxonomy":"category","embeddable":true,"href":"https:\/\/centralmedia.rs\/index.php\/wp-json\/wp\/v2\/categories?post=27287"},{"taxonomy":"post_tag","embeddable":true,"href":"https:\/\/centralmedia.rs\/index.php\/wp-json\/wp\/v2\/tags?post=27287"}],"curies":[{"name":"wp","href":"https:\/\/api.w.org\/{rel}","templated":true}]}}