{"id":27297,"date":"2021-06-27T19:51:28","date_gmt":"2021-06-27T17:51:28","guid":{"rendered":"http:\/\/centralmedia.rs\/?p=27297"},"modified":"2022-01-04T18:21:30","modified_gmt":"2022-01-04T17:21:30","slug":"patrijarh-spc-porfirije-na-jovanjdanj-u-koncarevu","status":"publish","type":"post","link":"https:\/\/centralmedia.rs\/index.php\/2021\/06\/27\/patrijarh-spc-porfirije-na-jovanjdanj-u-koncarevu\/","title":{"rendered":"PATRIJARH SPC PORFIRIJE NA JOVANJDAN U KON\u010cAREVU"},"content":{"rendered":"<p>JAGODINA-Povodom pravoslavnog praznika Svetog Jovana Krstitelja 7. Jula u Kon\u010darevu kod Jagodine Svetu Liturgiju slu\u017ei\u0107e patrijarh SPC Porfirije. To je veliki dan za Kon\u010darevo i Jagodinu, jer posle pokojnog \u00a0patrijarha Irineja, ovo je drugi dolazak poglavara SPC u ovaj deo Srbije posle vi\u0161e decenija. Pokojni patrijarh Irinej je osve\u0161tao hram Svetog Jovana Krstitelja.<\/p>\n<p>&#8211; Pravoslavni narode, 07. jul 2021. je veliki dan za Kon\u010darevo, veliki dan za Jagodinu. Njegova svetost Patrijarh srpski Porfirije slu\u017ei\u0107e svetu arhijerejsku liturgiju u Hramu Svetog Jovana Krstitelja u Kon\u010darevu, na dan Svetog Jovana Krstitelja 7. jula 2021., na slavu ovog hrama i slavu sela Kon\u010dareva. Patrijarh srpski Porfirije u Hramu Svetog Jovana Krstitelja u Kona\u010darevu 07. jula 2021. u 08:30, stoji u saop\u0161tenju.<\/p>\n","protected":false},"excerpt":{"rendered":"<p>JAGODINA-Povodom pravoslavnog praznika Svetog Jovana Krstitelja 7. Jula u Kon\u010darevu kod Jagodine Svetu Liturgiju slu\u017ei\u0107e patrijarh SPC Porfirije. To je veliki dan za Kon\u010darevo i &hellip; <\/p>\n","protected":false},"author":2,"featured_media":27298,"comment_status":"open","ping_status":"open","sticky":false,"template":"","format":"standard","meta":{"footnotes":""},"categories":[14,1524,2,5643,1514,887,12],"tags":[58,440,5227],"_links":{"self":[{"href":"https:\/\/centralmedia.rs\/index.php\/wp-json\/wp\/v2\/posts\/27297"}],"collection":[{"href":"https:\/\/centralmedia.rs\/index.php\/wp-json\/wp\/v2\/posts"}],"about":[{"href":"https:\/\/centralmedia.rs\/index.php\/wp-json\/wp\/v2\/types\/post"}],"author":[{"embeddable":true,"href":"https:\/\/centralmedia.rs\/index.php\/wp-json\/wp\/v2\/users\/2"}],"replies":[{"embeddable":true,"href":"https:\/\/centralmedia.rs\/index.php\/wp-json\/wp\/v2\/comments?post=27297"}],"version-history":[{"count":2,"href":"https:\/\/centralmedia.rs\/index.php\/wp-json\/wp\/v2\/posts\/27297\/revisions"}],"predecessor-version":[{"id":27300,"href":"https:\/\/centralmedia.rs\/index.php\/wp-json\/wp\/v2\/posts\/27297\/revisions\/27300"}],"wp:featuredmedia":[{"embeddable":true,"href":"https:\/\/centralmedia.rs\/index.php\/wp-json\/wp\/v2\/media\/27298"}],"wp:attachment":[{"href":"https:\/\/centralmedia.rs\/index.php\/wp-json\/wp\/v2\/media?parent=27297"}],"wp:term":[{"taxonomy":"category","embeddable":true,"href":"https:\/\/centralmedia.rs\/index.php\/wp-json\/wp\/v2\/categories?post=27297"},{"taxonomy":"post_tag","embeddable":true,"href":"https:\/\/centralmedia.rs\/index.php\/wp-json\/wp\/v2\/tags?post=27297"}],"curies":[{"name":"wp","href":"https:\/\/api.w.org\/{rel}","templated":true}]}}