{"id":27301,"date":"2021-06-27T21:06:51","date_gmt":"2021-06-27T19:06:51","guid":{"rendered":"http:\/\/centralmedia.rs\/?p=27301"},"modified":"2021-06-29T08:45:12","modified_gmt":"2021-06-29T06:45:12","slug":"vidovdan-u-cupriji-i-paracinu-svecana-akademija-u-manastiru-ravanica","status":"publish","type":"post","link":"https:\/\/centralmedia.rs\/index.php\/2021\/06\/27\/vidovdan-u-cupriji-i-paracinu-svecana-akademija-u-manastiru-ravanica\/","title":{"rendered":"VIDOVDAN U \u0106UPRIJI I PARA\u0106INU  &#8211; SVE\u010cANA AKADEMIJA U MANASTIRU RAVANICA"},"content":{"rendered":"<p>\u0106UPRIJA- PARA\u0106IN- Vidovdan\u00a0 u \u0106upriji obele\u017eeva se ,,Vidovdanskim sve\u010danostima&#8221; i prigodnim doga\u0111anjima u manastiru Ravanica, dok se u Para\u0107inu organizuje tradiconalni concert. Za posetioce de\u0161avanja u manastiru obezbe\u0111en je besplatni prevoz.<\/p>\n<p>Centralni doga\u0111aj u \u0106upriji 28. juna u porti Manastira Ravanica po\u010dinje Akademijom u 12 sati, odnosno uru\u010divanjem nagrada i priznanja najboljim u\u010denicima u toj op\u0161tini, a zatim \u0107e posetioci prisustvovati izlaganju \u017ditija predopomu\u010denika Haritona i ,,Vite\u0161kim igrama&#8221;. U Moravskom parku od 19 sati bi\u0107e prire\u0111en muzi\u010dko-scenski prikaz ,,Molitva Lazaru&#8221;. Ina\u010de, bogat program ,,Vidovdanskih sve\u010danosti&#8221; \u00a0po\u010deo je u \u010detvrtak, 24. juna, tribinom u Narodnoj biblioteci ,,Du\u0161an Mati\u0107&#8221;. Predava\u010d je bio istori\u010dar \u00a0Dejan Risti\u0107. Zatim je otvorena izlo\u017eba ,,Ravanica kroz vekove&#8221; u manastiru Ravanica, a organizovani su Vidovdanska trka, dru\u017eenje umetnika, likovne radionice, te de\u010dje vite\u0161ke igre i planinarska akcija.<\/p>\n<p>U Para\u0107inu se 28. juna odr\u017eava se i veliki va\u0161ar, u centru grada nastupi\u0107e lokalna kulturno-umetni\u010dka dru\u0161tva, a posle toga bi\u0107e odr\u017ean koncert Malibu benda. Mali\u0161ani \u0107e pre po\u010detka koncerta, od 19 sati, \u00a0glavnom ulicom mo\u0107i besplatno da se voze ko\u010dijom.<\/p>\n","protected":false},"excerpt":{"rendered":"<p>\u0106UPRIJA- PARA\u0106IN- Vidovdan\u00a0 u \u0106upriji obele\u017eeva se ,,Vidovdanskim sve\u010danostima&#8221; i prigodnim doga\u0111anjima u manastiru Ravanica, dok se u Para\u0107inu organizuje tradiconalni concert. Za posetioce de\u0161avanja &hellip; <\/p>\n","protected":false},"author":2,"featured_media":27302,"comment_status":"open","ping_status":"open","sticky":false,"template":"","format":"standard","meta":{"footnotes":""},"categories":[1515,1524,2,15,12],"tags":[44,912,156,903],"_links":{"self":[{"href":"https:\/\/centralmedia.rs\/index.php\/wp-json\/wp\/v2\/posts\/27301"}],"collection":[{"href":"https:\/\/centralmedia.rs\/index.php\/wp-json\/wp\/v2\/posts"}],"about":[{"href":"https:\/\/centralmedia.rs\/index.php\/wp-json\/wp\/v2\/types\/post"}],"author":[{"embeddable":true,"href":"https:\/\/centralmedia.rs\/index.php\/wp-json\/wp\/v2\/users\/2"}],"replies":[{"embeddable":true,"href":"https:\/\/centralmedia.rs\/index.php\/wp-json\/wp\/v2\/comments?post=27301"}],"version-history":[{"count":2,"href":"https:\/\/centralmedia.rs\/index.php\/wp-json\/wp\/v2\/posts\/27301\/revisions"}],"predecessor-version":[{"id":27304,"href":"https:\/\/centralmedia.rs\/index.php\/wp-json\/wp\/v2\/posts\/27301\/revisions\/27304"}],"wp:featuredmedia":[{"embeddable":true,"href":"https:\/\/centralmedia.rs\/index.php\/wp-json\/wp\/v2\/media\/27302"}],"wp:attachment":[{"href":"https:\/\/centralmedia.rs\/index.php\/wp-json\/wp\/v2\/media?parent=27301"}],"wp:term":[{"taxonomy":"category","embeddable":true,"href":"https:\/\/centralmedia.rs\/index.php\/wp-json\/wp\/v2\/categories?post=27301"},{"taxonomy":"post_tag","embeddable":true,"href":"https:\/\/centralmedia.rs\/index.php\/wp-json\/wp\/v2\/tags?post=27301"}],"curies":[{"name":"wp","href":"https:\/\/api.w.org\/{rel}","templated":true}]}}