{"id":27337,"date":"2021-06-30T14:41:09","date_gmt":"2021-06-30T12:41:09","guid":{"rendered":"http:\/\/centralmedia.rs\/?p=27337"},"modified":"2021-07-05T14:12:25","modified_gmt":"2021-07-05T12:12:25","slug":"dan-opstine-svilajnac-2","status":"publish","type":"post","link":"https:\/\/centralmedia.rs\/index.php\/2021\/06\/30\/dan-opstine-svilajnac-2\/","title":{"rendered":"DAN OP\u0160TINE SVILAJNAC"},"content":{"rendered":"<p>SVILAJNAC-Sve\u010dana akademija povodom obele\u017eavanja Dana op\u0161tine Svilajnac odr\u017eana je sino\u0107 u svilajna\u010dkom Centru za kulturu, u prisustvu gostiju, saradnika i partnera iz zemlje i inostranstva.<\/p>\n<div id='gallery-1' class='gallery galleryid-27337 gallery-columns-5 gallery-size-thumbnail'><figure class='gallery-item'>\n\t\t\t<div class='gallery-icon landscape'>\n\t\t\t\t<a href='https:\/\/centralmedia.rs\/index.php\/2021\/06\/30\/dan-opstine-svilajnac-2\/dan-svilajnca\/'><img loading=\"lazy\" decoding=\"async\" width=\"150\" height=\"150\" src=\"https:\/\/centralmedia.rs\/wp-content\/uploads\/2021\/06\/dan-svilajnca-150x150.jpg\" class=\"attachment-thumbnail size-thumbnail\" alt=\"\" \/><\/a>\n\t\t\t<\/div><\/figure><figure class='gallery-item'>\n\t\t\t<div class='gallery-icon landscape'>\n\t\t\t\t<a href='https:\/\/centralmedia.rs\/index.php\/2021\/06\/30\/dan-opstine-svilajnac-2\/dan-svilajnca1\/'><img loading=\"lazy\" decoding=\"async\" width=\"150\" height=\"150\" src=\"https:\/\/centralmedia.rs\/wp-content\/uploads\/2021\/06\/dan-svilajnca1-150x150.jpg\" class=\"attachment-thumbnail size-thumbnail\" alt=\"\" \/><\/a>\n\t\t\t<\/div><\/figure><figure class='gallery-item'>\n\t\t\t<div class='gallery-icon landscape'>\n\t\t\t\t<a href='https:\/\/centralmedia.rs\/index.php\/2021\/06\/30\/dan-opstine-svilajnac-2\/dan-svilajnca2\/'><img loading=\"lazy\" decoding=\"async\" width=\"150\" height=\"150\" src=\"https:\/\/centralmedia.rs\/wp-content\/uploads\/2021\/06\/dan-svilajnca2-150x150.jpg\" class=\"attachment-thumbnail size-thumbnail\" alt=\"\" \/><\/a>\n\t\t\t<\/div><\/figure><figure class='gallery-item'>\n\t\t\t<div class='gallery-icon landscape'>\n\t\t\t\t<a href='https:\/\/centralmedia.rs\/index.php\/2021\/06\/30\/dan-opstine-svilajnac-2\/dan-svilajnca4\/'><img loading=\"lazy\" decoding=\"async\" width=\"150\" height=\"150\" src=\"https:\/\/centralmedia.rs\/wp-content\/uploads\/2021\/06\/dan-svilajnca4-150x150.jpg\" class=\"attachment-thumbnail size-thumbnail\" alt=\"\" \/><\/a>\n\t\t\t<\/div><\/figure><figure class='gallery-item'>\n\t\t\t<div class='gallery-icon portrait'>\n\t\t\t\t<a href='https:\/\/centralmedia.rs\/index.php\/2021\/06\/30\/dan-opstine-svilajnac-2\/dan-svilajnca5\/'><img loading=\"lazy\" decoding=\"async\" width=\"150\" height=\"150\" src=\"https:\/\/centralmedia.rs\/wp-content\/uploads\/2021\/06\/dan-svilajnca5-150x150.jpg\" class=\"attachment-thumbnail size-thumbnail\" alt=\"\" \/><\/a>\n\t\t\t<\/div><\/figure>\n\t\t<\/div>\n\n<p>Specijalni gosti bili su u\u010denici osnovnih i srednjih \u0161kola koji su \u0111aci generacije, koje je op\u0161tina nagradila sa po 50.000 dinara i osvaja\u010di nekog od prva tri mesta na republi\u010dkim takmi\u010denjima, a kojima su uru\u010dene nagrade od po 20.000 dinara. \u0110aci generacije su: Pavle Mitrovi\u0107 iz O\u0160 \u201cJovan Jovanovi\u0107 Zmaj\u201d Svilajnac, Katarina Jovanovi\u0107 iz O\u0160 \u201cBranko Radi\u010devi\u0107\u201d Sedlare, Tamara Negovanovi\u0107 iz O\u0160 \u201cVo\u017ed Kara\u0111or\u0111e\u201d Ku\u0161iljevo, Andriana Tomi\u0107 iz O\u0160 \u201cStevan Sin\u0111eli\u0107\u201d Vojska, Mia \u0160olak iz Srednje \u0161kole \u201cSvilajnac\u201d i Iva Milojevi\u0107 iz Poljoprivredno-veterinarske \u0161kole sa Domom u\u010denika \u201cSvilajnac\u201d. Osnovci osvaja\u010di priznanja na republi\u010dkim takmi\u010denjima su Jovan Zarkov, Kristijan Filipovi\u0107, Anika Milo\u0161evi\u0107, Katarina Jovanovi\u0107 i Anastasija Nikoli\u0107, a srednjo\u0161kolci su Luka Mitrovi\u0107, Aleksa Alimpijevi\u0107 i Mia \u0160olak.<\/p>\n<p>Nakon obra\u0107anja predsednika op\u0161tine Svilajnac Predraga Milanovi\u0107a, koji je najavio najva\u017enije poslove, projekte i planove op\u0161tine Svilajnac za narednu godinu, dodeljena su i dru\u0161tvena priznanja zaslu\u017enim gra\u0111anima i partnerima op\u0161tine.<\/p>\n<p>Priznanja su dobili Miodrag Radosavljevi\u0107 iz Svilajnca, nastavnik u penziji, Bojan Ceni\u0107, poljoprivrednik iz Dublja, dr Vekoslav Zaji\u0107, sprecijalista urgentne medicine i kompanija \u201cAlfa Technics\u201d iz Svilajnca. Prisutnima se obratio i NJ.E. ambassador Francuske \u017dan Luj Falkoni, koji je istakao \u010dvrste veze izme\u0111u Svilajnca i Francuske i najavio da \u0107e u budu\u0107nosti raditi na oja\u010davanju tih veza u raznim oblastima. Op\u0161tina Svilajnac proslavlja svoj dan 29. juna jer je na ovaj dan Ukazom kneza Mihaila Obrenovi\u0107a 1866. godine Svilajnac zvani\u010dno progla\u0161en varo\u0161icom.<\/p>\n","protected":false},"excerpt":{"rendered":"<p>SVILAJNAC-Sve\u010dana akademija povodom obele\u017eavanja Dana op\u0161tine Svilajnac odr\u017eana je sino\u0107 u svilajna\u010dkom Centru za kulturu, u prisustvu gostiju, saradnika i partnera iz zemlje i inostranstva. &hellip; <\/p>\n","protected":false},"author":2,"featured_media":27338,"comment_status":"open","ping_status":"open","sticky":false,"template":"","format":"standard","meta":{"footnotes":""},"categories":[1524,2,13,887,12,1517],"tags":[2041,38],"_links":{"self":[{"href":"https:\/\/centralmedia.rs\/index.php\/wp-json\/wp\/v2\/posts\/27337"}],"collection":[{"href":"https:\/\/centralmedia.rs\/index.php\/wp-json\/wp\/v2\/posts"}],"about":[{"href":"https:\/\/centralmedia.rs\/index.php\/wp-json\/wp\/v2\/types\/post"}],"author":[{"embeddable":true,"href":"https:\/\/centralmedia.rs\/index.php\/wp-json\/wp\/v2\/users\/2"}],"replies":[{"embeddable":true,"href":"https:\/\/centralmedia.rs\/index.php\/wp-json\/wp\/v2\/comments?post=27337"}],"version-history":[{"count":1,"href":"https:\/\/centralmedia.rs\/index.php\/wp-json\/wp\/v2\/posts\/27337\/revisions"}],"predecessor-version":[{"id":27344,"href":"https:\/\/centralmedia.rs\/index.php\/wp-json\/wp\/v2\/posts\/27337\/revisions\/27344"}],"wp:featuredmedia":[{"embeddable":true,"href":"https:\/\/centralmedia.rs\/index.php\/wp-json\/wp\/v2\/media\/27338"}],"wp:attachment":[{"href":"https:\/\/centralmedia.rs\/index.php\/wp-json\/wp\/v2\/media?parent=27337"}],"wp:term":[{"taxonomy":"category","embeddable":true,"href":"https:\/\/centralmedia.rs\/index.php\/wp-json\/wp\/v2\/categories?post=27337"},{"taxonomy":"post_tag","embeddable":true,"href":"https:\/\/centralmedia.rs\/index.php\/wp-json\/wp\/v2\/tags?post=27337"}],"curies":[{"name":"wp","href":"https:\/\/api.w.org\/{rel}","templated":true}]}}