{"id":27356,"date":"2021-07-02T16:06:15","date_gmt":"2021-07-02T14:06:15","guid":{"rendered":"http:\/\/centralmedia.rs\/?p=27356"},"modified":"2021-07-12T16:48:14","modified_gmt":"2021-07-12T14:48:14","slug":"festival-muzicke-izuzetnosti-ravanelius-od-16-do-18-jula-u-cupriji","status":"publish","type":"post","link":"https:\/\/centralmedia.rs\/index.php\/2021\/07\/02\/festival-muzicke-izuzetnosti-ravanelius-od-16-do-18-jula-u-cupriji\/","title":{"rendered":"FESTIVAL MUZI\u010cKE IZUZETNOSTI RAVANELIUS OD 16. DO 18. JULA U \u0106UPRIJI"},"content":{"rendered":"<p>\u0106UPRIJA-Drugi Festival muzi\u010dke izuzetnosti Ravanelius je festival klasi\u010dne muzike i bi\u0107e odr\u017ean od 16. do 18. jula u \u0106upriji u organizaciji Ustanove kulture i \u0160kola za muzi\u010dke talente, te podr\u0161ku Op\u0161tine \u0106uprija.<\/p>\n<p>-Ovogodi\u0161nji Ravanelius \u0107e, izme\u0111u ostalih, ugostiti Simfonijetu Sofija iz Bugarske, kvartet Habanera i Duva\u010dki kvintet Beogradske filharmonije. Najmla\u0111i posetioci \u0107e u\u017eivati u radionici izrade guda\u010dkih instrumenata i de\u010dijoj operi koju \u0107e izvesti udru\u017eenje umetnika Visoko C. Za profesionalce i zainteresovane u oblasti kulture bi\u0107e organizovana panel diskusija koju \u0107e odr\u017eati Smiljka Isakovi\u0107, me\u0111u muzi\u010dkom kritikom omiljena kao ,,prva dama \u010dembala\u2019\u2019 i Jasna Dimitrijevi\u0107, direktorka Kolar\u010deve zadu\u017ebine. Festival \u0107e zatvoriti maestro Stefan Milenkovi\u0107, na\u0161 slavni violinista i Kamerata akademika, profesionalni kamerni orkestar Akademije umetnosti u Novom Sadu, nabraja direktor festivala Stefan Stamenkovi\u0107.<\/p>\n<p>-Osmi\u0161ljen kao spektakularni trodnevni festival, Ravanelius u \u0106upriju uvodi novi kulturni sadr\u017eaj i skre\u0107e pa\u017enju na renomirane muzi\u010dke umetnike i ansamble, ali i na mlade i perspektivne umetnike, u\u010denike \u0160kole za muzi\u010dke talente, jedinstvene obrazovne institucije na na\u0161im prostorima. Na\u0161 cilj \u2014 edukovati mladu publiku i popularizovati umetni\u010dku muziku, isti\u010de Stamenkovi\u0107.<\/p>\n<p>-Pored inicijalne ideje, na\u0161a vizija je i da predstavimo bogatu turisti\u010dku ponudu \u0106uprije i njene okoline. Na taj na\u010din Ravanelius svojim imenom priziva zvuk vizantijskog Ravanela, ali i \u0161alje eho u budu\u0107nost, grade\u0107i most (\u0107upriju) izme\u0111u svih vrednih \u010dinioca identiteta ovog jedinstvenog grada, zavr\u0161ava Stamenkovi\u0107.<\/p>\n","protected":false},"excerpt":{"rendered":"<p>\u0106UPRIJA-Drugi Festival muzi\u010dke izuzetnosti Ravanelius je festival klasi\u010dne muzike i bi\u0107e odr\u017ean od 16. do 18. jula u \u0106upriji u organizaciji Ustanove kulture i \u0160kola &hellip; <\/p>\n","protected":false},"author":2,"featured_media":27358,"comment_status":"open","ping_status":"open","sticky":false,"template":"","format":"standard","meta":{"footnotes":""},"categories":[1515,1524,2,15,12],"tags":[44,1052,4137,3807],"_links":{"self":[{"href":"https:\/\/centralmedia.rs\/index.php\/wp-json\/wp\/v2\/posts\/27356"}],"collection":[{"href":"https:\/\/centralmedia.rs\/index.php\/wp-json\/wp\/v2\/posts"}],"about":[{"href":"https:\/\/centralmedia.rs\/index.php\/wp-json\/wp\/v2\/types\/post"}],"author":[{"embeddable":true,"href":"https:\/\/centralmedia.rs\/index.php\/wp-json\/wp\/v2\/users\/2"}],"replies":[{"embeddable":true,"href":"https:\/\/centralmedia.rs\/index.php\/wp-json\/wp\/v2\/comments?post=27356"}],"version-history":[{"count":2,"href":"https:\/\/centralmedia.rs\/index.php\/wp-json\/wp\/v2\/posts\/27356\/revisions"}],"predecessor-version":[{"id":27359,"href":"https:\/\/centralmedia.rs\/index.php\/wp-json\/wp\/v2\/posts\/27356\/revisions\/27359"}],"wp:featuredmedia":[{"embeddable":true,"href":"https:\/\/centralmedia.rs\/index.php\/wp-json\/wp\/v2\/media\/27358"}],"wp:attachment":[{"href":"https:\/\/centralmedia.rs\/index.php\/wp-json\/wp\/v2\/media?parent=27356"}],"wp:term":[{"taxonomy":"category","embeddable":true,"href":"https:\/\/centralmedia.rs\/index.php\/wp-json\/wp\/v2\/categories?post=27356"},{"taxonomy":"post_tag","embeddable":true,"href":"https:\/\/centralmedia.rs\/index.php\/wp-json\/wp\/v2\/tags?post=27356"}],"curies":[{"name":"wp","href":"https:\/\/api.w.org\/{rel}","templated":true}]}}