{"id":27372,"date":"2021-07-04T13:28:38","date_gmt":"2021-07-04T11:28:38","guid":{"rendered":"http:\/\/centralmedia.rs\/?p=27372"},"modified":"2022-01-04T18:20:29","modified_gmt":"2022-01-04T17:20:29","slug":"patrijarh-spc-porfirije-sluzi-liturgiju-u-koncarevu","status":"publish","type":"post","link":"https:\/\/centralmedia.rs\/index.php\/2021\/07\/04\/patrijarh-spc-porfirije-sluzi-liturgiju-u-koncarevu\/","title":{"rendered":"PATRIJARH SPC PORFIRIJE SLU\u017dI LITURGIJU U KON\u010cAREVU"},"content":{"rendered":"<p>JAGODINA- Patrijarh SPC Porfirije, povodom praznika ro\u0111enja Svetog Jovana Prete\u010de, slu\u017ei\u0107e Svetu Liturgiju 7. Jula u 8.45 u crkvenom hramu Svetog Jovana Krstitelja u Kon\u010darevu kod Jagodine. Patrijarh Porfirije \u0107e slu\u017eiti sa vladikom \u0161umadijskim Jovanom i sve\u0161tenstvom Beli\u010dkog namesni\u0161tva.<\/p>\n","protected":false},"excerpt":{"rendered":"<p>JAGODINA- Patrijarh SPC Porfirije, povodom praznika ro\u0111enja Svetog Jovana Prete\u010de, slu\u017ei\u0107e Svetu Liturgiju 7. Jula u 8.45 u crkvenom hramu Svetog Jovana Krstitelja u Kon\u010darevu &hellip; <\/p>\n","protected":false},"author":2,"featured_media":27373,"comment_status":"open","ping_status":"open","sticky":false,"template":"","format":"standard","meta":{"footnotes":""},"categories":[14,1524,2,1514,5643,887,12],"tags":[440,5239,894,939],"_links":{"self":[{"href":"https:\/\/centralmedia.rs\/index.php\/wp-json\/wp\/v2\/posts\/27372"}],"collection":[{"href":"https:\/\/centralmedia.rs\/index.php\/wp-json\/wp\/v2\/posts"}],"about":[{"href":"https:\/\/centralmedia.rs\/index.php\/wp-json\/wp\/v2\/types\/post"}],"author":[{"embeddable":true,"href":"https:\/\/centralmedia.rs\/index.php\/wp-json\/wp\/v2\/users\/2"}],"replies":[{"embeddable":true,"href":"https:\/\/centralmedia.rs\/index.php\/wp-json\/wp\/v2\/comments?post=27372"}],"version-history":[{"count":1,"href":"https:\/\/centralmedia.rs\/index.php\/wp-json\/wp\/v2\/posts\/27372\/revisions"}],"predecessor-version":[{"id":27374,"href":"https:\/\/centralmedia.rs\/index.php\/wp-json\/wp\/v2\/posts\/27372\/revisions\/27374"}],"wp:featuredmedia":[{"embeddable":true,"href":"https:\/\/centralmedia.rs\/index.php\/wp-json\/wp\/v2\/media\/27373"}],"wp:attachment":[{"href":"https:\/\/centralmedia.rs\/index.php\/wp-json\/wp\/v2\/media?parent=27372"}],"wp:term":[{"taxonomy":"category","embeddable":true,"href":"https:\/\/centralmedia.rs\/index.php\/wp-json\/wp\/v2\/categories?post=27372"},{"taxonomy":"post_tag","embeddable":true,"href":"https:\/\/centralmedia.rs\/index.php\/wp-json\/wp\/v2\/tags?post=27372"}],"curies":[{"name":"wp","href":"https:\/\/api.w.org\/{rel}","templated":true}]}}